{"id":72660,"date":"2018-11-12T21:49:25","date_gmt":"2018-11-13T00:49:25","guid":{"rendered":"http:\/\/www.caririemacao.com\/1\/?p=72660"},"modified":"2018-11-12T23:31:41","modified_gmt":"2018-11-13T02:31:41","slug":"homem-perde-controle-de-carro-e-capota-na-zona-rural-em-monteiro","status":"publish","type":"post","link":"https:\/\/www.caririemacao.com\/1\/2018\/11\/12\/homem-perde-controle-de-carro-e-capota-na-zona-rural-em-monteiro\/","title":{"rendered":"Homem perde controle de carro e capota na zona rural em Monteiro"},"content":{"rendered":"<p>No final da tarde desta segunda-feira (12), o Monteirense de nome Vaval, perdeu o controle e capotou o ve\u00edculo modelo corsa, no s\u00edtio tingui zona rural de Monteiro, no cariri paraibano.<\/p>\n<p>Ate o momento n\u00e3o se sabe o que provocou o acidente, a v\u00edtima teve escoria\u00e7\u00f5es leve, s\u00f3 preju\u00edzo mat\u00e9rias.<\/p>\n<p>Mais informa\u00e7\u00f5es a qualquer momento.<\/p>\n<p><strong>HORA1PB<\/strong><\/p>\n<p><img fetchpriority=\"high\" decoding=\"async\" class=\"aligncenter size-full wp-image-11593\" src=\"http:\/\/hora1pb.com.br\/wp-content\/uploads\/2018\/11\/CARRO-2.jpg\" alt=\"\" width=\"500\" height=\"400\" \/><\/p>\n<p><img decoding=\"async\" class=\"aligncenter size-full wp-image-11594 lazyload\" data-src=\"http:\/\/hora1pb.com.br\/wp-content\/uploads\/2018\/11\/CARRO-1.jpg\" alt=\"\" width=\"500\" height=\"400\" src=\"data:image\/svg+xml;base64,PHN2ZyB3aWR0aD0iMSIgaGVpZ2h0PSIxIiB4bWxucz0iaHR0cDovL3d3dy53My5vcmcvMjAwMC9zdmciPjwvc3ZnPg==\" style=\"--smush-placeholder-width: 500px; --smush-placeholder-aspect-ratio: 500\/400;\" \/><\/p>\n","protected":false},"excerpt":{"rendered":"<p>No final da tarde desta segunda-feira (12), o Monteirense de nome Vaval, perdeu o controle e capotou o ve\u00edculo modelo corsa, no s\u00edtio tingui zona&hellip; <\/p>\n","protected":false},"author":1,"featured_media":72661,"comment_status":"closed","ping_status":"closed","sticky":false,"template":"","format":"standard","meta":{"sfsi_plus_gutenberg_text_before_share":"","sfsi_plus_gutenberg_show_text_before_share":"","sfsi_plus_gutenberg_icon_type":"","sfsi_plus_gutenberg_icon_alignemt":"","sfsi_plus_gutenburg_max_per_row":"","footnotes":""},"categories":[12],"tags":[],"class_list":["post-72660","post","type-post","status-publish","format-standard","has-post-thumbnail","hentry","category-policia"],"_links":{"self":[{"href":"https:\/\/www.caririemacao.com\/1\/wp-json\/wp\/v2\/posts\/72660","targetHints":{"allow":["GET"]}}],"collection":[{"href":"https:\/\/www.caririemacao.com\/1\/wp-json\/wp\/v2\/posts"}],"about":[{"href":"https:\/\/www.caririemacao.com\/1\/wp-json\/wp\/v2\/types\/post"}],"author":[{"embeddable":true,"href":"https:\/\/www.caririemacao.com\/1\/wp-json\/wp\/v2\/users\/1"}],"replies":[{"embeddable":true,"href":"https:\/\/www.caririemacao.com\/1\/wp-json\/wp\/v2\/comments?post=72660"}],"version-history":[{"count":1,"href":"https:\/\/www.caririemacao.com\/1\/wp-json\/wp\/v2\/posts\/72660\/revisions"}],"predecessor-version":[{"id":72662,"href":"https:\/\/www.caririemacao.com\/1\/wp-json\/wp\/v2\/posts\/72660\/revisions\/72662"}],"wp:featuredmedia":[{"embeddable":true,"href":"https:\/\/www.caririemacao.com\/1\/wp-json\/wp\/v2\/media\/72661"}],"wp:attachment":[{"href":"https:\/\/www.caririemacao.com\/1\/wp-json\/wp\/v2\/media?parent=72660"}],"wp:term":[{"taxonomy":"category","embeddable":true,"href":"https:\/\/www.caririemacao.com\/1\/wp-json\/wp\/v2\/categories?post=72660"},{"taxonomy":"post_tag","embeddable":true,"href":"https:\/\/www.caririemacao.com\/1\/wp-json\/wp\/v2\/tags?post=72660"}],"curies":[{"name":"wp","href":"https:\/\/api.w.org\/{rel}","templated":true}]}}