{"id":72664,"date":"2018-11-12T21:56:02","date_gmt":"2018-11-13T00:56:02","guid":{"rendered":"http:\/\/www.caririemacao.com\/1\/?p=72664"},"modified":"2018-11-12T21:56:02","modified_gmt":"2018-11-13T00:56:02","slug":"tse-acata-pedido-do-pt-de-cabedelo-e-suspende-eleicoes-suplementares-no-municipio","status":"publish","type":"post","link":"https:\/\/www.caririemacao.com\/1\/2018\/11\/12\/tse-acata-pedido-do-pt-de-cabedelo-e-suspende-eleicoes-suplementares-no-municipio\/","title":{"rendered":"TSE acata pedido do PT de Cabedelo e suspende elei\u00e7\u00f5es suplementares no munic\u00edpio"},"content":{"rendered":"<p>Em decis\u00e3o divulgada na noite desta segunda-feira (12), o Tribunal Superior Eleitoral (TSE), suspendeu as elei\u00e7\u00f5es suplementares para a prefeitura de Cabedelo, que aconteceriam no pr\u00f3ximo dia 9 de dezembro.<\/p>\n<p>No texto, o ministro Admar Gonzaga, atendeu a solicita\u00e7\u00e3o do diret\u00f3rio do Partido dos Trabalhadores (PT) do munic\u00edpio, que questionava o calend\u00e1rio determinado pelo Tribunal Regional Eleitoral na Para\u00edba (TRE\/PB) para realiza\u00e7\u00e3o do pleito. Segundo o pedido, os prazos apontados na resolu\u00e7\u00e3o divergem da legisla\u00e7\u00e3o eleitoral.<\/p>\n<p>Segundo o presidente do PT de Cabedelo, Alessandro Batista, a resolu\u00e7\u00e3o do TRE\/PB, que fixava as regras do pleito municipal, n\u00e3o atendia \u00e0s determina\u00e7\u00e3o da legisla\u00e7\u00e3o eleitoral e por isso, comprometia a lisura do processo.<\/p>\n<p>\u201cSolicitamos a interven\u00e7\u00e3o por que a resolu\u00e7\u00e3o do TRE (PB) diverge dos prazos determinados pela Lei Complementar 64\/90\u201d, defendeu. \u201cN\u00f3s queremos que os prazos legais sejam respeitados para que ningu\u00e9m seja favorecido\u201d, afirmou Alessandro.<\/p>\n<p>Para\u00edba J\u00e1<\/p>\n","protected":false},"excerpt":{"rendered":"<p>Em decis\u00e3o divulgada na noite desta segunda-feira (12), o Tribunal Superior Eleitoral (TSE), suspendeu as elei\u00e7\u00f5es suplementares para a prefeitura de Cabedelo, que aconteceriam no&hellip; <\/p>\n","protected":false},"author":1,"featured_media":5275,"comment_status":"closed","ping_status":"closed","sticky":false,"template":"","format":"standard","meta":{"sfsi_plus_gutenberg_text_before_share":"","sfsi_plus_gutenberg_show_text_before_share":"","sfsi_plus_gutenberg_icon_type":"","sfsi_plus_gutenberg_icon_alignemt":"","sfsi_plus_gutenburg_max_per_row":"","footnotes":""},"categories":[11],"tags":[],"class_list":["post-72664","post","type-post","status-publish","format-standard","has-post-thumbnail","hentry","category-politica"],"_links":{"self":[{"href":"https:\/\/www.caririemacao.com\/1\/wp-json\/wp\/v2\/posts\/72664","targetHints":{"allow":["GET"]}}],"collection":[{"href":"https:\/\/www.caririemacao.com\/1\/wp-json\/wp\/v2\/posts"}],"about":[{"href":"https:\/\/www.caririemacao.com\/1\/wp-json\/wp\/v2\/types\/post"}],"author":[{"embeddable":true,"href":"https:\/\/www.caririemacao.com\/1\/wp-json\/wp\/v2\/users\/1"}],"replies":[{"embeddable":true,"href":"https:\/\/www.caririemacao.com\/1\/wp-json\/wp\/v2\/comments?post=72664"}],"version-history":[{"count":1,"href":"https:\/\/www.caririemacao.com\/1\/wp-json\/wp\/v2\/posts\/72664\/revisions"}],"predecessor-version":[{"id":72665,"href":"https:\/\/www.caririemacao.com\/1\/wp-json\/wp\/v2\/posts\/72664\/revisions\/72665"}],"wp:featuredmedia":[{"embeddable":true,"href":"https:\/\/www.caririemacao.com\/1\/wp-json\/wp\/v2\/media\/5275"}],"wp:attachment":[{"href":"https:\/\/www.caririemacao.com\/1\/wp-json\/wp\/v2\/media?parent=72664"}],"wp:term":[{"taxonomy":"category","embeddable":true,"href":"https:\/\/www.caririemacao.com\/1\/wp-json\/wp\/v2\/categories?post=72664"},{"taxonomy":"post_tag","embeddable":true,"href":"https:\/\/www.caririemacao.com\/1\/wp-json\/wp\/v2\/tags?post=72664"}],"curies":[{"name":"wp","href":"https:\/\/api.w.org\/{rel}","templated":true}]}}