{"id":72666,"date":"2018-11-12T21:59:56","date_gmt":"2018-11-13T00:59:56","guid":{"rendered":"http:\/\/www.caririemacao.com\/1\/?p=72666"},"modified":"2018-11-12T21:59:56","modified_gmt":"2018-11-13T00:59:56","slug":"tecnicos-do-tse-apontam-irregularidades-nas-contas-da-campanha-de-bolsonaro","status":"publish","type":"post","link":"https:\/\/www.caririemacao.com\/1\/2018\/11\/12\/tecnicos-do-tse-apontam-irregularidades-nas-contas-da-campanha-de-bolsonaro\/","title":{"rendered":"T\u00e9cnicos do TSE apontam irregularidades nas contas da campanha de Bolsonaro"},"content":{"rendered":"<div class=\"mc-column content-text active-extra-styles active-capital-letter\" data-block-type=\"unstyled\" data-block-weight=\"38\" data-block-id=\"2\">\n<p class=\"content-text__container theme-color-primary-first-letter\" data-track-category=\"Link no Texto\" data-track-links=\"\">A Assessoria de Exame de Contas Eleitorais e Partid\u00e1rias do Tribunal Superior Eleitoral (TSE) informou nesta segunda-feira (12) ao ministro\u00a0Lu\u00eds Roberto Barroso\u00a0ter encontrado \u201cinconsist\u00eancias\u201d na presta\u00e7\u00e3o de contas da campanha do presidente eleito\u00a0Jair Bolsonaro\u00a0(PSL).<\/p>\n<\/div>\n<div class=\"wall protected-content\">\n<div class=\"mc-column content-text active-extra-styles \" data-block-type=\"unstyled\" data-block-weight=\"15\" data-block-id=\"3\">\n<p class=\"content-text__container \" data-track-category=\"Link no Texto\" data-track-links=\"\">O\u00a0<strong>G1<\/strong>\u00a0buscava contato com a assessoria de Bolsonaro at\u00e9 a \u00faltima atualiza\u00e7\u00e3o desta reportagem.<\/p>\n<\/div>\n<div class=\"mc-column content-text active-extra-styles \" data-block-type=\"unstyled\" data-block-weight=\"27\" data-block-id=\"4\">\n<p class=\"content-text__container \" data-track-category=\"Link no Texto\" data-track-links=\"\">Na semana passada, a campanha de Bolsonaro entregou ao TSE a\u00a0presta\u00e7\u00e3o de contas. De acordo com o documento, foram arrecadados R$ 4.377.640,36 e gastos R$ 2.812.442,38.<\/p>\n<\/div>\n<div class=\"mc-column content-text active-extra-styles \" data-block-type=\"unstyled\" data-block-weight=\"39\" data-block-id=\"5\">\n<p class=\"content-text__container \" data-track-category=\"Link no Texto\" data-track-links=\"\">O relator das contas \u00e9 o ministro Barroso, por isso o relat\u00f3rio foi enviado a ele. Caber\u00e1 ao magistrado submeter o caso a julgamento pelo plen\u00e1rio. O parecer da \u00e1rea t\u00e9cnica \u00e9 uma das etapas da presta\u00e7\u00e3o de contas.<\/p>\n<\/div>\n<div class=\"mc-column content-text active-extra-styles\" data-block-type=\"raw\" data-block-weight=\"6\" data-block-id=\"6\">\n<div class=\"content-intertitle\">\n<h2>O que diz o relat\u00f3rio t\u00e9cnico<\/h2>\n<\/div>\n<\/div>\n<div class=\"mc-column content-text active-extra-styles \" data-block-type=\"unstyled\" data-block-weight=\"33\" data-block-id=\"7\">\n<p class=\"content-text__container \" data-track-category=\"Link no Texto\" data-track-links=\"\">No parecer conclu\u00eddo nesta segunda-feira, os t\u00e9cnicos do TSE pediram a Barroso que notifique a campanha de Bolsonaro a apresentar, em at\u00e9 tr\u00eas dias, as notas, os contratos e o detalhamento de contas.<\/p>\n<\/div>\n<div class=\"mc-column content-text active-extra-styles\" data-block-type=\"raw\" data-block-weight=\"43\" data-block-id=\"8\">\u201cAo efetuar o exame das manifesta\u00e7\u00f5es e da documenta\u00e7\u00e3o entregues pelo candidato, em atendimento \u00e0 legisla\u00e7\u00e3o eleitoral, foram observadas inconsist\u00eancias ou registros na presta\u00e7\u00e3o de contas, relatados a seguir, para os quais se solicitam esclarecimentos e encaminhamento de documenta\u00e7\u00e3o comprobat\u00f3ria\u201d, afirma o parecer.<\/div>\n<div class=\"mc-column content-text active-extra-styles\" data-block-type=\"raw\" data-block-weight=\"1\" data-block-id=\"9\">\n<div class=\"content-intertitle\">\n<h2>Diploma\u00e7\u00e3o<\/h2>\n<\/div>\n<\/div>\n<div class=\"mc-column content-text active-extra-styles \" data-block-type=\"unstyled\" data-block-weight=\"18\" data-block-id=\"10\">\n<p class=\"content-text__container \" data-track-category=\"Link no Texto\" data-track-links=\"\">A diploma\u00e7\u00e3o de Bolsonaro est\u00e1\u00a0marcada para 10 de dezembro, na sede do Tribunal Superior Eleitoral, em Bras\u00edlia.<\/p>\n<\/div>\n<div class=\"mc-column content-text active-extra-styles \" data-block-type=\"unstyled\" data-block-weight=\"25\" data-block-id=\"11\">\n<p class=\"content-text__container \" data-track-category=\"Link no Texto\" data-track-links=\"\">Para receber o diploma, o candidato eleito precisa estar com o registro de candidatura deferido e as contas de campanha, julgadas \u2013 n\u00e3o necessariamente aprovadas.<\/p>\n<\/div>\n<div data-track-category=\"fim do conteudo\" data-track-action=\"ultimo chunk conteudo\" data-track-noninteraction=\"false\" data-track-scroll=\"entrada completa viewport\">\n<div class=\"mc-column content-text active-extra-styles \" data-block-type=\"unstyled\" data-block-weight=\"20\" data-block-id=\"12\">\n<p class=\"content-text__container \" data-track-category=\"Link no Texto\" data-track-links=\"\">A presta\u00e7\u00e3o de contas deve comprovar todos os recursos arrecadados e todas as despesas de campanha referentes aos dois turnos.<\/p>\n<p data-track-category=\"Link no Texto\" data-track-links=\"\">G1<\/p>\n<\/div>\n<\/div>\n<\/div>\n","protected":false},"excerpt":{"rendered":"<p>A Assessoria de Exame de Contas Eleitorais e Partid\u00e1rias do Tribunal Superior Eleitoral (TSE) informou nesta segunda-feira (12) ao ministro\u00a0Lu\u00eds Roberto Barroso\u00a0ter encontrado \u201cinconsist\u00eancias\u201d na&hellip; <\/p>\n","protected":false},"author":1,"featured_media":55613,"comment_status":"closed","ping_status":"closed","sticky":false,"template":"","format":"standard","meta":{"sfsi_plus_gutenberg_text_before_share":"","sfsi_plus_gutenberg_show_text_before_share":"","sfsi_plus_gutenberg_icon_type":"","sfsi_plus_gutenberg_icon_alignemt":"","sfsi_plus_gutenburg_max_per_row":"","footnotes":""},"categories":[11],"tags":[],"class_list":["post-72666","post","type-post","status-publish","format-standard","has-post-thumbnail","hentry","category-politica"],"_links":{"self":[{"href":"https:\/\/www.caririemacao.com\/1\/wp-json\/wp\/v2\/posts\/72666","targetHints":{"allow":["GET"]}}],"collection":[{"href":"https:\/\/www.caririemacao.com\/1\/wp-json\/wp\/v2\/posts"}],"about":[{"href":"https:\/\/www.caririemacao.com\/1\/wp-json\/wp\/v2\/types\/post"}],"author":[{"embeddable":true,"href":"https:\/\/www.caririemacao.com\/1\/wp-json\/wp\/v2\/users\/1"}],"replies":[{"embeddable":true,"href":"https:\/\/www.caririemacao.com\/1\/wp-json\/wp\/v2\/comments?post=72666"}],"version-history":[{"count":1,"href":"https:\/\/www.caririemacao.com\/1\/wp-json\/wp\/v2\/posts\/72666\/revisions"}],"predecessor-version":[{"id":72667,"href":"https:\/\/www.caririemacao.com\/1\/wp-json\/wp\/v2\/posts\/72666\/revisions\/72667"}],"wp:featuredmedia":[{"embeddable":true,"href":"https:\/\/www.caririemacao.com\/1\/wp-json\/wp\/v2\/media\/55613"}],"wp:attachment":[{"href":"https:\/\/www.caririemacao.com\/1\/wp-json\/wp\/v2\/media?parent=72666"}],"wp:term":[{"taxonomy":"category","embeddable":true,"href":"https:\/\/www.caririemacao.com\/1\/wp-json\/wp\/v2\/categories?post=72666"},{"taxonomy":"post_tag","embeddable":true,"href":"https:\/\/www.caririemacao.com\/1\/wp-json\/wp\/v2\/tags?post=72666"}],"curies":[{"name":"wp","href":"https:\/\/api.w.org\/{rel}","templated":true}]}}