{"id":72671,"date":"2018-11-12T22:28:35","date_gmt":"2018-11-13T01:28:35","guid":{"rendered":"http:\/\/www.caririemacao.com\/1\/?p=72671"},"modified":"2018-11-12T22:28:35","modified_gmt":"2018-11-13T01:28:35","slug":"procon-assina-termo-de-ajustamento-com-escolas-particulares-da-cidade-de-monteiro","status":"publish","type":"post","link":"https:\/\/www.caririemacao.com\/1\/2018\/11\/12\/procon-assina-termo-de-ajustamento-com-escolas-particulares-da-cidade-de-monteiro\/","title":{"rendered":"PROCON assina Termo de Ajustamento com escolas particulares da cidade de Monteiro"},"content":{"rendered":"<p>O Procon N\u00facleo Sum\u00e9, assinou Termo de Ajustamento de Conduta com as escolas particulares do munic\u00edpio de Monteiro, de acordo com o TAC ficou decidido.<\/p>\n<p>\u2013 A Escolas devidamente legalizadas, ou seja, com alvar\u00e1 de funcionamento na cidade de Monteiro-PB por seus devidos representantes legais, s\u00f3 podem reajustar o valor de suas mensalidades em at\u00e9 10% do valor atual.<\/p>\n<p>\u2013 Fica acordado que nenhum aluno pode deixar de ser matriculado em nenhuma das institui\u00e7\u00f5es de educa\u00e7\u00e3o particular desta cidade por nenhum outro motivo que n\u00e3o seja inadimpl\u00eancia na mesma escola, ou seja, nenhuma escola pode deixar de matricular aluno com debito em outra escola, assim como tamb\u00e9m\u00a0 n\u00e3o pode ser condicionado ao aluno para que seja aceito sua matricula assinar ou aceitar qualquer outro tipo de contrato ou de produto que por ventura venha ser oferecido ou imposto pela escola.<\/p>\n<p>\u2013 Fica proibido as escolas exigirem no ato da matricula declara\u00e7\u00e3o de quita\u00e7\u00e3o de debito de outra escola.<\/p>\n<p>\u2013 Fica acordado tamb\u00e9m que n\u00e3o se pode impor sans\u00f5es como a suspens\u00e3o de provas, de penalidades pedag\u00f3gicas ou reter documenta\u00e7\u00e3o de qualquer natureza do aluno inclusive transfer\u00eancia por inadimpl\u00eancia.<\/p>\n<p>\u2013 Ficam terminantemente proibidas de retirar todo e qualquer aluno de sala de aula por n\u00e3o est\u00e1 com o devido material did\u00e1tico.<\/p>\n<p>\u2013 O estabelecimento de ensino pode cobrar multa dos inadimplentes, por\u00e9m, independente do estipulado no contrato, a porcentagem n\u00e3o pode ultrapassar 2%.<\/p>\n","protected":false},"excerpt":{"rendered":"<p>O Procon N\u00facleo Sum\u00e9, assinou Termo de Ajustamento de Conduta com as escolas particulares do munic\u00edpio de Monteiro, de acordo com o TAC ficou decidido.&hellip; <\/p>\n","protected":false},"author":1,"featured_media":6062,"comment_status":"closed","ping_status":"closed","sticky":false,"template":"","format":"standard","meta":{"sfsi_plus_gutenberg_text_before_share":"","sfsi_plus_gutenberg_show_text_before_share":"","sfsi_plus_gutenberg_icon_type":"","sfsi_plus_gutenberg_icon_alignemt":"","sfsi_plus_gutenburg_max_per_row":"","footnotes":""},"categories":[14],"tags":[],"class_list":["post-72671","post","type-post","status-publish","format-standard","has-post-thumbnail","hentry","category-educacao"],"_links":{"self":[{"href":"https:\/\/www.caririemacao.com\/1\/wp-json\/wp\/v2\/posts\/72671","targetHints":{"allow":["GET"]}}],"collection":[{"href":"https:\/\/www.caririemacao.com\/1\/wp-json\/wp\/v2\/posts"}],"about":[{"href":"https:\/\/www.caririemacao.com\/1\/wp-json\/wp\/v2\/types\/post"}],"author":[{"embeddable":true,"href":"https:\/\/www.caririemacao.com\/1\/wp-json\/wp\/v2\/users\/1"}],"replies":[{"embeddable":true,"href":"https:\/\/www.caririemacao.com\/1\/wp-json\/wp\/v2\/comments?post=72671"}],"version-history":[{"count":1,"href":"https:\/\/www.caririemacao.com\/1\/wp-json\/wp\/v2\/posts\/72671\/revisions"}],"predecessor-version":[{"id":72672,"href":"https:\/\/www.caririemacao.com\/1\/wp-json\/wp\/v2\/posts\/72671\/revisions\/72672"}],"wp:featuredmedia":[{"embeddable":true,"href":"https:\/\/www.caririemacao.com\/1\/wp-json\/wp\/v2\/media\/6062"}],"wp:attachment":[{"href":"https:\/\/www.caririemacao.com\/1\/wp-json\/wp\/v2\/media?parent=72671"}],"wp:term":[{"taxonomy":"category","embeddable":true,"href":"https:\/\/www.caririemacao.com\/1\/wp-json\/wp\/v2\/categories?post=72671"},{"taxonomy":"post_tag","embeddable":true,"href":"https:\/\/www.caririemacao.com\/1\/wp-json\/wp\/v2\/tags?post=72671"}],"curies":[{"name":"wp","href":"https:\/\/api.w.org\/{rel}","templated":true}]}}