{"id":72682,"date":"2018-11-12T23:14:24","date_gmt":"2018-11-13T02:14:24","guid":{"rendered":"http:\/\/www.caririemacao.com\/1\/?p=72682"},"modified":"2018-11-12T23:14:24","modified_gmt":"2018-11-13T02:14:24","slug":"juventude-catolica-de-gurjao-realiza-iii-desperta-jovem","status":"publish","type":"post","link":"https:\/\/www.caririemacao.com\/1\/2018\/11\/12\/juventude-catolica-de-gurjao-realiza-iii-desperta-jovem\/","title":{"rendered":"Juventude cat\u00f3lica de Gurj\u00e3o realiza III Desperta Jovem"},"content":{"rendered":"<p>A Juventude Cat\u00f3lica do Cariri ter\u00e1 oportunidade de participar de mais uma edi\u00e7\u00e3o do Desperta Jovem que acontecer\u00e1 na cidade de Gurj\u00e3o no dia 18 de novembro. Com tr\u00eas anos de hist\u00f3ria o evento j\u00e1 se transformou numa tradi\u00e7\u00e3o e debater\u00e1 o tema seja luz a partir da palavra do evangelista Jo\u00e3o que diz \u201cEu sou a luz do mundo quem me segue n\u00e3o andar\u00e1 nas trevas, mas possuir\u00e1 a luz da vida\u201d.<\/p>\n<p>Durante todo o dia os jovens v\u00e3o poder aproveitar uma programa\u00e7\u00e3o especial com palestras, testemunhos, momentos de louvor e adora\u00e7\u00e3o. O encontro ser\u00e1 iniciado com uma missa em a\u00e7\u00e3o de gra\u00e7as celebrada na igreja de S\u00e3o Sebasti\u00e3o. \u201cfala do padre\u201d<\/p>\n<p>O Desperta Jovem que promete reunir a juventude do Cariri e de outras cidades da regi\u00e3o tem o objetivo de fazer com que as pessoas que est\u00e3o nessa etapa da vida se desliguem um pouco da rotina agitada e \u201cacordem\u201d para Cristo entendendo assim a import\u00e2ncia de praticar sempre o amor, a f\u00e9 e a caridade.<\/p>\n<p>O evento est\u00e1 sendo organizado pela juventude cat\u00f3lica de Gurj\u00e3o contando ainda com o apoio de outras pastorais e de toda comunidade que est\u00e1 empenhada em receber a todos para esse dia que vai movimentar a cidade.<\/p>\n<p style=\"text-align: right;\"><em><strong>Ascom<\/strong><\/em><\/p>\n","protected":false},"excerpt":{"rendered":"<p>A Juventude Cat\u00f3lica do Cariri ter\u00e1 oportunidade de participar de mais uma edi\u00e7\u00e3o do Desperta Jovem que acontecer\u00e1 na cidade de Gurj\u00e3o no dia 18&hellip; <\/p>\n","protected":false},"author":1,"featured_media":72683,"comment_status":"closed","ping_status":"closed","sticky":false,"template":"","format":"standard","meta":{"sfsi_plus_gutenberg_text_before_share":"","sfsi_plus_gutenberg_show_text_before_share":"","sfsi_plus_gutenberg_icon_type":"","sfsi_plus_gutenberg_icon_alignemt":"","sfsi_plus_gutenburg_max_per_row":"","footnotes":""},"categories":[6],"tags":[],"class_list":["post-72682","post","type-post","status-publish","format-standard","has-post-thumbnail","hentry","category-cidades"],"_links":{"self":[{"href":"https:\/\/www.caririemacao.com\/1\/wp-json\/wp\/v2\/posts\/72682","targetHints":{"allow":["GET"]}}],"collection":[{"href":"https:\/\/www.caririemacao.com\/1\/wp-json\/wp\/v2\/posts"}],"about":[{"href":"https:\/\/www.caririemacao.com\/1\/wp-json\/wp\/v2\/types\/post"}],"author":[{"embeddable":true,"href":"https:\/\/www.caririemacao.com\/1\/wp-json\/wp\/v2\/users\/1"}],"replies":[{"embeddable":true,"href":"https:\/\/www.caririemacao.com\/1\/wp-json\/wp\/v2\/comments?post=72682"}],"version-history":[{"count":1,"href":"https:\/\/www.caririemacao.com\/1\/wp-json\/wp\/v2\/posts\/72682\/revisions"}],"predecessor-version":[{"id":72684,"href":"https:\/\/www.caririemacao.com\/1\/wp-json\/wp\/v2\/posts\/72682\/revisions\/72684"}],"wp:featuredmedia":[{"embeddable":true,"href":"https:\/\/www.caririemacao.com\/1\/wp-json\/wp\/v2\/media\/72683"}],"wp:attachment":[{"href":"https:\/\/www.caririemacao.com\/1\/wp-json\/wp\/v2\/media?parent=72682"}],"wp:term":[{"taxonomy":"category","embeddable":true,"href":"https:\/\/www.caririemacao.com\/1\/wp-json\/wp\/v2\/categories?post=72682"},{"taxonomy":"post_tag","embeddable":true,"href":"https:\/\/www.caririemacao.com\/1\/wp-json\/wp\/v2\/tags?post=72682"}],"curies":[{"name":"wp","href":"https:\/\/api.w.org\/{rel}","templated":true}]}}