{"id":72692,"date":"2018-11-12T23:25:17","date_gmt":"2018-11-13T02:25:17","guid":{"rendered":"http:\/\/www.caririemacao.com\/1\/?p=72692"},"modified":"2018-11-12T23:46:50","modified_gmt":"2018-11-13T02:46:50","slug":"tentativa-de-assalto-termina-com-um-morte-em-sume-2","status":"publish","type":"post","link":"https:\/\/www.caririemacao.com\/1\/2018\/11\/12\/tentativa-de-assalto-termina-com-um-morte-em-sume-2\/","title":{"rendered":"Tentativa de assalto termina com um morte em Sum\u00e9"},"content":{"rendered":"<p>Um grupo de marginais tentaram realizar na noite desta segunda- feira uma assalto no S\u00edtio Mulungu, zona rural de Sum\u00e9.<\/p>\n<p>Quatro bandidos chegaram \u00e0 resid\u00eancia do senhor Jos\u00e9 Am\u00e2ncio em uma carro modelo picape, de cor prata e entraram na resid\u00eancia exigindo que os moradores entregassem armas e dinheiro.<\/p>\n<p>Durante a a\u00e7\u00e3o, os quatro meliantes se desentenderam e acabaram mantando um dos compare\u00e7as. Um dos tiros acertou em cheio um dos bandidos que morreu no local.<\/p>\n<p><img fetchpriority=\"high\" decoding=\"async\" class=\"aligncenter wp-image-72699 size-full\" src=\"http:\/\/www.caririemacao.com\/1\/wp-content\/uploads\/2018\/11\/morto_800x500-800x445.jpg\" alt=\"\" width=\"800\" height=\"445\" srcset=\"https:\/\/www.caririemacao.com\/1\/wp-content\/uploads\/2018\/11\/morto_800x500-800x445.jpg 800w, https:\/\/www.caririemacao.com\/1\/wp-content\/uploads\/2018\/11\/morto_800x500-800x445-300x167.jpg 300w, https:\/\/www.caririemacao.com\/1\/wp-content\/uploads\/2018\/11\/morto_800x500-800x445-768x427.jpg 768w\" sizes=\"(max-width: 800px) 100vw, 800px\" \/><\/p>\n<p>Os marginais evadiram-se do local e fugiram em dire\u00e7\u00e3o a cidade de Sum\u00e9, deixando o cad\u00e1ver no local.<\/p>\n<p>A PM est\u00e1 em dilig\u00eancia<\/p>\n<p>Mais informa\u00e7\u00f5es em instantes.<\/p>\n","protected":false},"excerpt":{"rendered":"<p>Um grupo de marginais tentaram realizar na noite desta segunda- feira uma assalto no S\u00edtio Mulungu, zona rural de Sum\u00e9. Quatro bandidos chegaram \u00e0 resid\u00eancia&hellip; <\/p>\n","protected":false},"author":1,"featured_media":41593,"comment_status":"closed","ping_status":"closed","sticky":false,"template":"","format":"standard","meta":{"sfsi_plus_gutenberg_text_before_share":"","sfsi_plus_gutenberg_show_text_before_share":"","sfsi_plus_gutenberg_icon_type":"","sfsi_plus_gutenberg_icon_alignemt":"","sfsi_plus_gutenburg_max_per_row":"","footnotes":""},"categories":[12],"tags":[],"class_list":["post-72692","post","type-post","status-publish","format-standard","has-post-thumbnail","hentry","category-policia"],"_links":{"self":[{"href":"https:\/\/www.caririemacao.com\/1\/wp-json\/wp\/v2\/posts\/72692","targetHints":{"allow":["GET"]}}],"collection":[{"href":"https:\/\/www.caririemacao.com\/1\/wp-json\/wp\/v2\/posts"}],"about":[{"href":"https:\/\/www.caririemacao.com\/1\/wp-json\/wp\/v2\/types\/post"}],"author":[{"embeddable":true,"href":"https:\/\/www.caririemacao.com\/1\/wp-json\/wp\/v2\/users\/1"}],"replies":[{"embeddable":true,"href":"https:\/\/www.caririemacao.com\/1\/wp-json\/wp\/v2\/comments?post=72692"}],"version-history":[{"count":3,"href":"https:\/\/www.caririemacao.com\/1\/wp-json\/wp\/v2\/posts\/72692\/revisions"}],"predecessor-version":[{"id":72701,"href":"https:\/\/www.caririemacao.com\/1\/wp-json\/wp\/v2\/posts\/72692\/revisions\/72701"}],"wp:featuredmedia":[{"embeddable":true,"href":"https:\/\/www.caririemacao.com\/1\/wp-json\/wp\/v2\/media\/41593"}],"wp:attachment":[{"href":"https:\/\/www.caririemacao.com\/1\/wp-json\/wp\/v2\/media?parent=72692"}],"wp:term":[{"taxonomy":"category","embeddable":true,"href":"https:\/\/www.caririemacao.com\/1\/wp-json\/wp\/v2\/categories?post=72692"},{"taxonomy":"post_tag","embeddable":true,"href":"https:\/\/www.caririemacao.com\/1\/wp-json\/wp\/v2\/tags?post=72692"}],"curies":[{"name":"wp","href":"https:\/\/api.w.org\/{rel}","templated":true}]}}