{"id":72702,"date":"2018-11-13T11:29:09","date_gmt":"2018-11-13T14:29:09","guid":{"rendered":"http:\/\/www.caririemacao.com\/1\/?p=72702"},"modified":"2018-11-13T11:30:59","modified_gmt":"2018-11-13T14:30:59","slug":"prefeitura-de-sao-sebastiao-do-umbuzeiro-e-saude-retoma-palestras-com-grupo-de-tabagismo","status":"publish","type":"post","link":"https:\/\/www.caririemacao.com\/1\/2018\/11\/13\/prefeitura-de-sao-sebastiao-do-umbuzeiro-e-saude-retoma-palestras-com-grupo-de-tabagismo\/","title":{"rendered":"Prefeitura de S\u00e3o Sebasti\u00e3o do Umbuzeiro e Sa\u00fade retoma palestras com Grupo de Tabagismo"},"content":{"rendered":"<p>Na tarde desta segunda-feira (12), a Prefeitura de S\u00e3o Sebasti\u00e3o do Umbuzeiro, realizou na Secretaria de Sa\u00fade do Munic\u00edpio,\u00a0 o primeiro encontro do grupo de tabagismo, retomando o ciclo de cuidado \u00e0s pessoas que desejam parar de fumar.<\/p>\n<p>Nesta ocasi\u00e3o, a psic\u00f3loga do NASF Lais Barbosa, juntamente com os ACS\u2019s facilitaram a roda de conversa, que teve como objetivo explicar como ser\u00e3o as sess\u00f5es e conhecer os participantes.<\/p>\n<p>Para quem se interessar, os encontros ser\u00e3o realizados semanalmente nas segundas-feiras, \u00e0s 14h00, na UBSF I. Contamos com a participa\u00e7\u00e3o de todos e todas que necessitam de ajuda para suspender o h\u00e1bito de fumar.<\/p>\n<p style=\"text-align: right;\"><strong><em>Blog do Didi\/Foto: Reprodu\u00e7\u00e3o\u00a0<\/em><\/strong><\/p>\n","protected":false},"excerpt":{"rendered":"<p>Na tarde desta segunda-feira (12), a Prefeitura de S\u00e3o Sebasti\u00e3o do Umbuzeiro, realizou na Secretaria de Sa\u00fade do Munic\u00edpio,\u00a0 o primeiro encontro do grupo de&hellip; <\/p>\n","protected":false},"author":1,"featured_media":72703,"comment_status":"closed","ping_status":"closed","sticky":false,"template":"","format":"standard","meta":{"sfsi_plus_gutenberg_text_before_share":"","sfsi_plus_gutenberg_show_text_before_share":"","sfsi_plus_gutenberg_icon_type":"","sfsi_plus_gutenberg_icon_alignemt":"","sfsi_plus_gutenburg_max_per_row":"","footnotes":""},"categories":[16],"tags":[],"class_list":["post-72702","post","type-post","status-publish","format-standard","has-post-thumbnail","hentry","category-saude"],"_links":{"self":[{"href":"https:\/\/www.caririemacao.com\/1\/wp-json\/wp\/v2\/posts\/72702","targetHints":{"allow":["GET"]}}],"collection":[{"href":"https:\/\/www.caririemacao.com\/1\/wp-json\/wp\/v2\/posts"}],"about":[{"href":"https:\/\/www.caririemacao.com\/1\/wp-json\/wp\/v2\/types\/post"}],"author":[{"embeddable":true,"href":"https:\/\/www.caririemacao.com\/1\/wp-json\/wp\/v2\/users\/1"}],"replies":[{"embeddable":true,"href":"https:\/\/www.caririemacao.com\/1\/wp-json\/wp\/v2\/comments?post=72702"}],"version-history":[{"count":1,"href":"https:\/\/www.caririemacao.com\/1\/wp-json\/wp\/v2\/posts\/72702\/revisions"}],"predecessor-version":[{"id":72704,"href":"https:\/\/www.caririemacao.com\/1\/wp-json\/wp\/v2\/posts\/72702\/revisions\/72704"}],"wp:featuredmedia":[{"embeddable":true,"href":"https:\/\/www.caririemacao.com\/1\/wp-json\/wp\/v2\/media\/72703"}],"wp:attachment":[{"href":"https:\/\/www.caririemacao.com\/1\/wp-json\/wp\/v2\/media?parent=72702"}],"wp:term":[{"taxonomy":"category","embeddable":true,"href":"https:\/\/www.caririemacao.com\/1\/wp-json\/wp\/v2\/categories?post=72702"},{"taxonomy":"post_tag","embeddable":true,"href":"https:\/\/www.caririemacao.com\/1\/wp-json\/wp\/v2\/tags?post=72702"}],"curies":[{"name":"wp","href":"https:\/\/api.w.org\/{rel}","templated":true}]}}