{"id":72712,"date":"2018-11-13T11:48:17","date_gmt":"2018-11-13T14:48:17","guid":{"rendered":"http:\/\/www.caririemacao.com\/1\/?p=72712"},"modified":"2018-11-13T11:48:17","modified_gmt":"2018-11-13T14:48:17","slug":"bolsonaro-consultou-toffoli-para-anunciar-assessor-do-stf-na-defesa","status":"publish","type":"post","link":"https:\/\/www.caririemacao.com\/1\/2018\/11\/13\/bolsonaro-consultou-toffoli-para-anunciar-assessor-do-stf-na-defesa\/","title":{"rendered":"Bolsonaro consultou Toffoli para anunciar assessor do STF na Defesa"},"content":{"rendered":"<div class=\"col-xs-12 col-sm-12 col-md-8 col-lg-8\">\n<div class=\"post\">\n<div class=\"content\">\n<p>O presidente do Supremo Tribunal Federal (STF), ministro Dias Toffoli, recebeu uma liga\u00e7\u00e3o na manh\u00e3 de hoje (13) do presidente eleito, Jair Bolsonaro, antes de anunciar o general Fernando Azevedo e Silva como ministro da Defesa. O militar atualmente ocupa o cargo de assessor no gabinete da presid\u00eancia da Corte.<\/p>\n<p>\u201cHoje pela manh\u00e3, fui consultado pelo presidente eleito Jair Bolsonaro sobre a indica\u00e7\u00e3o de Fernando Azevedo e Silva e prontamente disse que seria uma excelente escolha\u201d, informou Toffoli, para quem o general tem sido \u201cum grande colaborador nos temas envolvendo pol\u00edticas de seguran\u00e7a\u201d.<\/p>\n<p>Em nota, Toffoli exaltou os servi\u00e7os prestados por Azevedo e Silva nos tr\u00eas Poderes da Rep\u00fablica.<\/p>\n<p>\u201c\u00c9 com muita alegria que vejo o an\u00fancio do nome do General Fernando Azevedo e Silva para Ministro de Estado da Defesa. Certamente sua larga experi\u00eancia contribuir\u00e1 para o fortalecimento da atua\u00e7\u00e3o das For\u00e7as Armadas, da seguran\u00e7a e da defesa no Brasil\u201d, diz o texto.<\/p>\n<p>Fernando Azevedo e Silva assumiu em 27 de setembro o cargo de assessor especial no gabinete de Toffoli.<\/p>\n<\/div>\n<div>\n<div class=\"ssbp-set--one ssbp-wrap ssbp--centred ssbp--theme-4\">\n<div class=\"ssbp-container\" data-ssbp-share-text=\"\" data-ssbp-url=\"https:\/\/paraibaonline.com.br\/2018\/11\/bolsonaro-consultou-toffoli-para-anunciar-assessor-do-stf-na-defesa\/\" data-ssbp-title=\"Bolsonaro consultou Toffoli para anunciar assessor do STF na Defesa\" data-ssbp-short-url=\"\" data-ssbp-post-id=\"526496\"><\/div>\n<\/div>\n<\/div>\n<div style=\"text-align: right;\"><em><strong>Ag\u00eancia Brasil\/Foto: Internet\u00a0<\/strong><\/em><\/div>\n<div class=\"post-tags\"><\/div>\n<\/div>\n<\/div>\n<div class=\"col-xs-1 col-sm-1 col-md-2 col-lg-2\"><\/div>\n","protected":false},"excerpt":{"rendered":"<p>O presidente do Supremo Tribunal Federal (STF), ministro Dias Toffoli, recebeu uma liga\u00e7\u00e3o na manh\u00e3 de hoje (13) do presidente eleito, Jair Bolsonaro, antes de&hellip; <\/p>\n","protected":false},"author":1,"featured_media":71113,"comment_status":"closed","ping_status":"closed","sticky":false,"template":"","format":"standard","meta":{"sfsi_plus_gutenberg_text_before_share":"","sfsi_plus_gutenberg_show_text_before_share":"","sfsi_plus_gutenberg_icon_type":"","sfsi_plus_gutenberg_icon_alignemt":"","sfsi_plus_gutenburg_max_per_row":"","footnotes":""},"categories":[11],"tags":[],"class_list":["post-72712","post","type-post","status-publish","format-standard","has-post-thumbnail","hentry","category-politica"],"_links":{"self":[{"href":"https:\/\/www.caririemacao.com\/1\/wp-json\/wp\/v2\/posts\/72712","targetHints":{"allow":["GET"]}}],"collection":[{"href":"https:\/\/www.caririemacao.com\/1\/wp-json\/wp\/v2\/posts"}],"about":[{"href":"https:\/\/www.caririemacao.com\/1\/wp-json\/wp\/v2\/types\/post"}],"author":[{"embeddable":true,"href":"https:\/\/www.caririemacao.com\/1\/wp-json\/wp\/v2\/users\/1"}],"replies":[{"embeddable":true,"href":"https:\/\/www.caririemacao.com\/1\/wp-json\/wp\/v2\/comments?post=72712"}],"version-history":[{"count":1,"href":"https:\/\/www.caririemacao.com\/1\/wp-json\/wp\/v2\/posts\/72712\/revisions"}],"predecessor-version":[{"id":72713,"href":"https:\/\/www.caririemacao.com\/1\/wp-json\/wp\/v2\/posts\/72712\/revisions\/72713"}],"wp:featuredmedia":[{"embeddable":true,"href":"https:\/\/www.caririemacao.com\/1\/wp-json\/wp\/v2\/media\/71113"}],"wp:attachment":[{"href":"https:\/\/www.caririemacao.com\/1\/wp-json\/wp\/v2\/media?parent=72712"}],"wp:term":[{"taxonomy":"category","embeddable":true,"href":"https:\/\/www.caririemacao.com\/1\/wp-json\/wp\/v2\/categories?post=72712"},{"taxonomy":"post_tag","embeddable":true,"href":"https:\/\/www.caririemacao.com\/1\/wp-json\/wp\/v2\/tags?post=72712"}],"curies":[{"name":"wp","href":"https:\/\/api.w.org\/{rel}","templated":true}]}}