{"id":72714,"date":"2018-11-13T11:58:34","date_gmt":"2018-11-13T14:58:34","guid":{"rendered":"http:\/\/www.caririemacao.com\/1\/?p=72714"},"modified":"2018-11-13T11:58:34","modified_gmt":"2018-11-13T14:58:34","slug":"general-fernando-azevedo-e-anunciado-ministro-da-defesa-de-bolsonaro","status":"publish","type":"post","link":"https:\/\/www.caririemacao.com\/1\/2018\/11\/13\/general-fernando-azevedo-e-anunciado-ministro-da-defesa-de-bolsonaro\/","title":{"rendered":"General Fernando Azevedo \u00e9 anunciado ministro da Defesa de Bolsonaro"},"content":{"rendered":"<p>O presidente eleito Jair Bolsonaro (PSL) anunciou, na manh\u00e3 desta ter\u00e7a-feira (13), o nome do general do Ex\u00e9rcito Fernando Azevedo para ser ministro da defesa em seu governo. Bolsonaro confirmou o nome do general, que tinha sido escolhido para ser assessor do ministro Dias Toffolo, presidente do Supremo Tribunal Federal (STF),<\/p>\n<p>Bolsonaro confirmou o nome de Azevedo pelo Twitter, pouco ap\u00f3s pousar em Bras\u00edlia, onde ficar\u00e1 por dois dias para reuni\u00f5es com autoridades e com sua equipe de transi\u00e7\u00e3o.<\/p>\n<p>O general da reserva \u00e9 o s\u00e9timo ministro anunciado por Bolsonaro para compor seu governo. J\u00e1 foram confirmados os nomes do deputado Onyx Lorenzoni (Casa Civil), do economista Paulo Guedes (Economia), do general Augusto Heleno (Gabinete de Seguran\u00e7a Institucional), do astronauta Marcos Pontes (Ci\u00eancia e Tecnologia), do juiz da Lava Jato em Curitiba Sergio Moro (Justi\u00e7a e Seguran\u00e7a P\u00fablica) e da deputada Tereza Cristina (Agricultura).<\/p>\n<p>Azevedo e Silva, que atualmente \u00e9 assessor de Toffoli, \u00e9 general de quatro estrelas, patente mais alta e est\u00e1 na reserva desde o in\u00edcio deste ano, ap\u00f3s deixar o Comando Militar do Leste. Ele j\u00e1 foi chefe da assessoria parlamentar e subchefe de gabinete na Presid\u00eancia da Rep\u00fablica e no gabinete do comandante do Ex\u00e9rcito. Tamb\u00e9m foi presidente da Autoridade P\u00fablica Ol\u00edmpica entre 2013 e 2015.<\/p>\n<p style=\"text-align: right;\"><em><strong>Congresso em Foco\/Foto: Internet\u00a0\u00a0<\/strong><\/em><\/p>\n","protected":false},"excerpt":{"rendered":"<p>O presidente eleito Jair Bolsonaro (PSL) anunciou, na manh\u00e3 desta ter\u00e7a-feira (13), o nome do general do Ex\u00e9rcito Fernando Azevedo para ser ministro da defesa&hellip; <\/p>\n","protected":false},"author":1,"featured_media":72715,"comment_status":"closed","ping_status":"closed","sticky":false,"template":"","format":"standard","meta":{"sfsi_plus_gutenberg_text_before_share":"","sfsi_plus_gutenberg_show_text_before_share":"","sfsi_plus_gutenberg_icon_type":"","sfsi_plus_gutenberg_icon_alignemt":"","sfsi_plus_gutenburg_max_per_row":"","footnotes":""},"categories":[11],"tags":[],"class_list":["post-72714","post","type-post","status-publish","format-standard","has-post-thumbnail","hentry","category-politica"],"_links":{"self":[{"href":"https:\/\/www.caririemacao.com\/1\/wp-json\/wp\/v2\/posts\/72714","targetHints":{"allow":["GET"]}}],"collection":[{"href":"https:\/\/www.caririemacao.com\/1\/wp-json\/wp\/v2\/posts"}],"about":[{"href":"https:\/\/www.caririemacao.com\/1\/wp-json\/wp\/v2\/types\/post"}],"author":[{"embeddable":true,"href":"https:\/\/www.caririemacao.com\/1\/wp-json\/wp\/v2\/users\/1"}],"replies":[{"embeddable":true,"href":"https:\/\/www.caririemacao.com\/1\/wp-json\/wp\/v2\/comments?post=72714"}],"version-history":[{"count":1,"href":"https:\/\/www.caririemacao.com\/1\/wp-json\/wp\/v2\/posts\/72714\/revisions"}],"predecessor-version":[{"id":72716,"href":"https:\/\/www.caririemacao.com\/1\/wp-json\/wp\/v2\/posts\/72714\/revisions\/72716"}],"wp:featuredmedia":[{"embeddable":true,"href":"https:\/\/www.caririemacao.com\/1\/wp-json\/wp\/v2\/media\/72715"}],"wp:attachment":[{"href":"https:\/\/www.caririemacao.com\/1\/wp-json\/wp\/v2\/media?parent=72714"}],"wp:term":[{"taxonomy":"category","embeddable":true,"href":"https:\/\/www.caririemacao.com\/1\/wp-json\/wp\/v2\/categories?post=72714"},{"taxonomy":"post_tag","embeddable":true,"href":"https:\/\/www.caririemacao.com\/1\/wp-json\/wp\/v2\/tags?post=72714"}],"curies":[{"name":"wp","href":"https:\/\/api.w.org\/{rel}","templated":true}]}}