{"id":72717,"date":"2018-11-13T12:02:59","date_gmt":"2018-11-13T15:02:59","guid":{"rendered":"http:\/\/www.caririemacao.com\/1\/?p=72717"},"modified":"2018-11-13T12:02:59","modified_gmt":"2018-11-13T15:02:59","slug":"ex-prefeito-de-barauna-e-morto-pelo-pai-apos-ser-confundido-com-assaltante-na-pb","status":"publish","type":"post","link":"https:\/\/www.caririemacao.com\/1\/2018\/11\/13\/ex-prefeito-de-barauna-e-morto-pelo-pai-apos-ser-confundido-com-assaltante-na-pb\/","title":{"rendered":"Ex-prefeito de Bara\u00fana \u00e9 morto pelo pai ap\u00f3s ser confundido com assaltante, na PB"},"content":{"rendered":"<div class=\"mc-column content-text active-extra-styles active-capital-letter\" data-block-type=\"unstyled\" data-block-weight=\"67\" data-block-id=\"2\">\n<p class=\"content-text__container theme-color-primary-first-letter\" data-track-category=\"Link no Texto\" data-track-links=\"\">O ex-prefeito da cidade de Bara\u00fana, no Curimata\u00fa da Para\u00edba, foi morto pelo pai ap\u00f3s ser confundido com um assaltante na noite desta segunda-feira (12). De acordo com a Pol\u00edcia Civil, Alyson Azevedo tinha 37 anos e foi at\u00e9 a casa do pai, Adilson Azevedo, tamb\u00e9m ex-prefeito da cidade, depois de ser chamado por vizinhos porque uma fuma\u00e7a estava saindo da casa dele e ningu\u00e9m conseguia acord\u00e1-lo.<\/p>\n<\/div>\n<div class=\"wall protected-content\">\n<div class=\"mc-column content-text active-extra-styles \" data-block-type=\"unstyled\" data-block-weight=\"51\" data-block-id=\"3\">\n<p class=\"content-text__container \" data-track-category=\"Link no Texto\" data-track-links=\"\">Alyson correu at\u00e9 a casa do pai e tentou arrombar a porta. Nesse momento, o pai atirou de dentro da casa contra o filho achando que se tratava de um assalto. Alyson Azevedo foi baleado no peito, chegou a ser levado para o Hospital de Picu\u00ed, mas n\u00e3o resistiu e morreu.<\/p>\n<figure id=\"attachment_72719\" aria-describedby=\"caption-attachment-72719\" style=\"width: 1600px\" class=\"wp-caption aligncenter\"><img fetchpriority=\"high\" decoding=\"async\" class=\"wp-image-72719 size-full\" src=\"http:\/\/www.caririemacao.com\/1\/wp-content\/uploads\/2018\/11\/ex-prefeito-morto-pelo-pai-barauna-casa.jpeg\" alt=\"\" width=\"1600\" height=\"1200\" srcset=\"https:\/\/www.caririemacao.com\/1\/wp-content\/uploads\/2018\/11\/ex-prefeito-morto-pelo-pai-barauna-casa.jpeg 1600w, https:\/\/www.caririemacao.com\/1\/wp-content\/uploads\/2018\/11\/ex-prefeito-morto-pelo-pai-barauna-casa-300x225.jpeg 300w, https:\/\/www.caririemacao.com\/1\/wp-content\/uploads\/2018\/11\/ex-prefeito-morto-pelo-pai-barauna-casa-768x576.jpeg 768w, https:\/\/www.caririemacao.com\/1\/wp-content\/uploads\/2018\/11\/ex-prefeito-morto-pelo-pai-barauna-casa-1024x768.jpeg 1024w\" sizes=\"(max-width: 1600px) 100vw, 1600px\" \/><figcaption id=\"caption-attachment-72719\" class=\"wp-caption-text\">Casa de Adilson Azevedo, em Bara\u00fana, onde o crime aconteceu \u2014 Foto: Artur Lira\/TV Para\u00edba<\/figcaption><\/figure>\n<\/div>\n<div class=\"mc-column content-text active-extra-styles \" data-block-type=\"unstyled\" data-block-weight=\"35\" data-block-id=\"4\">\n<p class=\"content-text__container \" data-track-category=\"Link no Texto\" data-track-links=\"\">A fuma\u00e7a que sa\u00eda da casa e chamou a aten\u00e7\u00e3o dos vizinhos era de uma panela que estava no fog\u00e3o. O pai, Adilson Azevedo, vai prestar depoimento \u00e0 pol\u00edcia nesta ter\u00e7a-feira (13) sobre o caso.<\/p>\n<\/div>\n<div class=\"mc-column content-text active-extra-styles \" data-block-type=\"unstyled\" data-block-weight=\"32\" data-block-id=\"5\">\n<p class=\"content-text__container \" data-track-category=\"Link no Texto\" data-track-links=\"\">Alyson Azevedo foi eleito prefeito da cidade de Bara\u00fana em 2008, pelo MDB, enquanto seu pai, Adilson Azevedo, foi o candidato eleito das Elei\u00e7\u00f5es 2000, pelo mesmo partido, na \u00e9poca ainda PMDB.<\/p>\n<\/div>\n<div data-track-category=\"fim do conteudo\" data-track-action=\"ultimo chunk conteudo\" data-track-noninteraction=\"false\" data-track-scroll=\"entrada completa viewport\">\n<div class=\"row medium-uncollapsed content-media content-photo\" data-block-type=\"backstage-photo\" data-block-id=\"6\">\n<div class=\"mc-column content-media__container\">\n<div class=\"progressive-img can-open-lightbox\" style=\"text-align: right;\" data-min-size=\"1008x756\" data-min-size-url=\"https:\/\/s2.glbimg.com\/UYz1Tj1kQ7fDTZryGbQQKw9UbKg=\/0x0:1280x960\/1008x0\/smart\/filters:strip_icc()\/i.s3.glbimg.com\/v1\/AUTH_59edd422c0c84a879bd37670ae4f538a\/internal_photos\/bs\/2018\/9\/X\/etNQaBQeSvlVHeADMmeg\/ex-prefeito-morto-pelo-pai-barauna-casa.jpeg\" data-max-size=\"1600x1200\" data-max-size-url=\"https:\/\/s2.glbimg.com\/t0QLuKrwi9Og9jW42rpaqvcnU3I=\/0x0:1280x960\/1600x0\/smart\/filters:strip_icc()\/i.s3.glbimg.com\/v1\/AUTH_59edd422c0c84a879bd37670ae4f538a\/internal_photos\/bs\/2018\/9\/X\/etNQaBQeSvlVHeADMmeg\/ex-prefeito-morto-pelo-pai-barauna-casa.jpeg\" data-media-index=\"1\"><em><strong>G1-PB\/Foto: Reprodu\u00e7\u00e3o\u00a0\u00a0<\/strong><\/em><\/div>\n<\/div>\n<\/div>\n<\/div>\n<\/div>\n","protected":false},"excerpt":{"rendered":"<p>O ex-prefeito da cidade de Bara\u00fana, no Curimata\u00fa da Para\u00edba, foi morto pelo pai ap\u00f3s ser confundido com um assaltante na noite desta segunda-feira (12).&hellip; <\/p>\n","protected":false},"author":1,"featured_media":72718,"comment_status":"closed","ping_status":"closed","sticky":false,"template":"","format":"standard","meta":{"sfsi_plus_gutenberg_text_before_share":"","sfsi_plus_gutenberg_show_text_before_share":"","sfsi_plus_gutenberg_icon_type":"","sfsi_plus_gutenberg_icon_alignemt":"","sfsi_plus_gutenburg_max_per_row":"","footnotes":""},"categories":[12],"tags":[],"class_list":["post-72717","post","type-post","status-publish","format-standard","has-post-thumbnail","hentry","category-policia"],"_links":{"self":[{"href":"https:\/\/www.caririemacao.com\/1\/wp-json\/wp\/v2\/posts\/72717","targetHints":{"allow":["GET"]}}],"collection":[{"href":"https:\/\/www.caririemacao.com\/1\/wp-json\/wp\/v2\/posts"}],"about":[{"href":"https:\/\/www.caririemacao.com\/1\/wp-json\/wp\/v2\/types\/post"}],"author":[{"embeddable":true,"href":"https:\/\/www.caririemacao.com\/1\/wp-json\/wp\/v2\/users\/1"}],"replies":[{"embeddable":true,"href":"https:\/\/www.caririemacao.com\/1\/wp-json\/wp\/v2\/comments?post=72717"}],"version-history":[{"count":1,"href":"https:\/\/www.caririemacao.com\/1\/wp-json\/wp\/v2\/posts\/72717\/revisions"}],"predecessor-version":[{"id":72720,"href":"https:\/\/www.caririemacao.com\/1\/wp-json\/wp\/v2\/posts\/72717\/revisions\/72720"}],"wp:featuredmedia":[{"embeddable":true,"href":"https:\/\/www.caririemacao.com\/1\/wp-json\/wp\/v2\/media\/72718"}],"wp:attachment":[{"href":"https:\/\/www.caririemacao.com\/1\/wp-json\/wp\/v2\/media?parent=72717"}],"wp:term":[{"taxonomy":"category","embeddable":true,"href":"https:\/\/www.caririemacao.com\/1\/wp-json\/wp\/v2\/categories?post=72717"},{"taxonomy":"post_tag","embeddable":true,"href":"https:\/\/www.caririemacao.com\/1\/wp-json\/wp\/v2\/tags?post=72717"}],"curies":[{"name":"wp","href":"https:\/\/api.w.org\/{rel}","templated":true}]}}