{"id":72721,"date":"2018-11-13T12:09:23","date_gmt":"2018-11-13T15:09:23","guid":{"rendered":"http:\/\/www.caririemacao.com\/1\/?p=72721"},"modified":"2018-11-13T12:09:23","modified_gmt":"2018-11-13T15:09:23","slug":"psicologa-explica-motivos-do-exame-de-toque-ainda-ser-tabu","status":"publish","type":"post","link":"https:\/\/www.caririemacao.com\/1\/2018\/11\/13\/psicologa-explica-motivos-do-exame-de-toque-ainda-ser-tabu\/","title":{"rendered":"Psic\u00f3loga explica motivos do exame de toque ainda ser tabu"},"content":{"rendered":"<p>Conscientizar sobre a doen\u00e7a e chamar aten\u00e7\u00e3o para a necessidade de diagnosticar de forma precoce o c\u00e2ncer de pr\u00f3stata. Esses s\u00e3o os principais objetivos do Novembro Azul. Entre os exames mais indicados para identifica\u00e7\u00e3o da doen\u00e7a \u00e9 o de toque, por\u00e9m, ainda \u00e9 visto com receio por grande parte dos homens que precisam se submeter procedimento.<\/p>\n<p>Tido como um tabu, a psic\u00f3loga Danielle Azevedo, explicou que o exame de toque se torna uma esp\u00e9cie de bicho de sete cabe\u00e7as devido muitos homens ainda n\u00e3o compreenderem ou interpretarem o processo de forma negativa. \u201cEm geral, existe muito preconceito com rela\u00e7\u00e3o ao exame de toque, pois para muitos, o procedimento atinge a masculinidade. Nesse sentido, \u00e9 fundamental trabalhar o psicol\u00f3gico das pessoas para que compreendam que \u00e9 um exame como qualquer outro e o que est\u00e1 em jogo \u00e9 a sa\u00fade\u201d, esclarece.<\/p>\n<p><strong>Diagn\u00f3sticos<\/strong><\/p>\n<p>Al\u00e9m disso, Danielle acrescenta que \u00e9 poss\u00edvel optar por outros tipos de diagn\u00f3sticos. \u201cExistem outras formas, que contam com o aux\u00edlio da tecnologia, para identificar a presen\u00e7a da doen\u00e7a. O mais importante \u00e9 saber que o c\u00e2ncer de pr\u00f3stata mata muitos homens e a conscientiza\u00e7\u00e3o passa pela busca do diagn\u00f3stico precoce, independentemente do tipo de exame a ser submetido\u201d, enfatizou a psic\u00f3loga do Hapvida, em Jo\u00e3o Pessoa.<\/p>\n<p>Se por um lado temos a quest\u00e3o do preconceito e do tabu enraizado na nossa cultura quando o assunto \u00e9 o exame de toque retal, do outro lado temos o exemplo de Alexandre Farias, que atualmente tem 43 anos e todos os anos realiza a preven\u00e7\u00e3o. \u201cH\u00e1 cinco anos optei pelo cuidado comigo mesmo e desde os 38 anos decidi iniciar essa rotina m\u00e9dica de forma anual. Acredito que acima de qualquer tipo de preconceito est\u00e1 a preocupa\u00e7\u00e3o em me manter sempre saud\u00e1vel\u201d, afirma.<\/p>\n<p><strong>Dados<\/strong><\/p>\n<p>De acordo com o Instituto Nacional do C\u00e2ncer (Inca), no Brasil, o c\u00e2ncer de pr\u00f3stata \u00e9 o segundo mais comum entre homens, estando atr\u00e1s apenas do c\u00e2ncer de pele n\u00e3o-melanoma. Segundo os dados, s\u00f3 no Estado da Para\u00edba, a estimativa para ocorr\u00eancia de c\u00e2ncer de pr\u00f3stata em 2018 chega ao n\u00famero de 1.170 casos, desse total, 180 ocorr\u00eancias da doen\u00e7a correspondem apenas a capital paraibana.<\/p>\n<p style=\"text-align: right;\"><em><strong>Portal Correio\/Foto: Internet\u00a0<\/strong><\/em><\/p>\n","protected":false},"excerpt":{"rendered":"<p>Conscientizar sobre a doen\u00e7a e chamar aten\u00e7\u00e3o para a necessidade de diagnosticar de forma precoce o c\u00e2ncer de pr\u00f3stata. Esses s\u00e3o os principais objetivos do&hellip; <\/p>\n","protected":false},"author":1,"featured_media":31965,"comment_status":"closed","ping_status":"closed","sticky":false,"template":"","format":"standard","meta":{"sfsi_plus_gutenberg_text_before_share":"","sfsi_plus_gutenberg_show_text_before_share":"","sfsi_plus_gutenberg_icon_type":"","sfsi_plus_gutenberg_icon_alignemt":"","sfsi_plus_gutenburg_max_per_row":"","footnotes":""},"categories":[16],"tags":[],"class_list":["post-72721","post","type-post","status-publish","format-standard","has-post-thumbnail","hentry","category-saude"],"_links":{"self":[{"href":"https:\/\/www.caririemacao.com\/1\/wp-json\/wp\/v2\/posts\/72721","targetHints":{"allow":["GET"]}}],"collection":[{"href":"https:\/\/www.caririemacao.com\/1\/wp-json\/wp\/v2\/posts"}],"about":[{"href":"https:\/\/www.caririemacao.com\/1\/wp-json\/wp\/v2\/types\/post"}],"author":[{"embeddable":true,"href":"https:\/\/www.caririemacao.com\/1\/wp-json\/wp\/v2\/users\/1"}],"replies":[{"embeddable":true,"href":"https:\/\/www.caririemacao.com\/1\/wp-json\/wp\/v2\/comments?post=72721"}],"version-history":[{"count":1,"href":"https:\/\/www.caririemacao.com\/1\/wp-json\/wp\/v2\/posts\/72721\/revisions"}],"predecessor-version":[{"id":72722,"href":"https:\/\/www.caririemacao.com\/1\/wp-json\/wp\/v2\/posts\/72721\/revisions\/72722"}],"wp:featuredmedia":[{"embeddable":true,"href":"https:\/\/www.caririemacao.com\/1\/wp-json\/wp\/v2\/media\/31965"}],"wp:attachment":[{"href":"https:\/\/www.caririemacao.com\/1\/wp-json\/wp\/v2\/media?parent=72721"}],"wp:term":[{"taxonomy":"category","embeddable":true,"href":"https:\/\/www.caririemacao.com\/1\/wp-json\/wp\/v2\/categories?post=72721"},{"taxonomy":"post_tag","embeddable":true,"href":"https:\/\/www.caririemacao.com\/1\/wp-json\/wp\/v2\/tags?post=72721"}],"curies":[{"name":"wp","href":"https:\/\/api.w.org\/{rel}","templated":true}]}}