{"id":72726,"date":"2018-11-13T12:14:31","date_gmt":"2018-11-13T15:14:31","guid":{"rendered":"http:\/\/www.caririemacao.com\/1\/?p=72726"},"modified":"2018-11-13T12:14:31","modified_gmt":"2018-11-13T15:14:31","slug":"90-dos-brasileiros-repudiam-o-aumento-bilionario-para-o-judiciario","status":"publish","type":"post","link":"https:\/\/www.caririemacao.com\/1\/2018\/11\/13\/90-dos-brasileiros-repudiam-o-aumento-bilionario-para-o-judiciario\/","title":{"rendered":"90% dos brasileiros repudiam o aumento bilion\u00e1rio para o Judici\u00e1rio"},"content":{"rendered":"<p>O aumento no sal\u00e1rio dos ministros\u00a0n\u00e3o foi justo para 89,4% da popula\u00e7\u00e3o brasileira, segundo levantamento realizado pelo Paran\u00e1 Pesquisas e divulgado pela R\u00e1dio Jovem Pan, de S\u00e3o Paulo.<\/p>\n<p>O\u00a0reajuste foi aprovado no Senado por 41 votos a 16\u00a0na \u00faltima quarta-feira (7) e espera a san\u00e7\u00e3o do presidente Michel Temer.<\/p>\n<p>Com o aumento aprovado, os ministroSTFs da Suprema Corte v\u00e3o passar a receber R$ 39,2 mil \u2013 R$ 5,5 mil a mais do que anteriormente.<\/p>\n<p>O reajuste passa a valer a partir da san\u00e7\u00e3o presidencial.<\/p>\n<p>Consideraram a medida justa 8,1% dos entrevistados pelo instituto. N\u00e3o souberam responder 2,5%.<\/p>\n<p>Para 91,1% dos brasileiros entrevistados, os senadores deveriam ter esperado que o novo presidente assumisse o cargo para votar o aumento.<\/p>\n<div id=\"attachment_506979\" class=\"wp-caption aligncenter\">\n<p class=\"wp-caption-text\">Mas o reajuste ocorreu no momento certo para 6,2%. N\u00e3o souberam ou n\u00e3o quiseram responder 2,7%.<\/p>\n<\/div>\n<p>O Paran\u00e1 Pesquisas tamb\u00e9m perguntou se o Brasil tem condi\u00e7\u00f5es para arcar com a alta dos sal\u00e1rios dos ministros do STF. De acordo com 89,0% das respostas, o pa\u00eds n\u00e3o consegue pagar essa conta.<\/p>\n<p>Por outro lado, 7,8% disseram que tem condi\u00e7\u00f5es. Outros 3,1% n\u00e3o souberam responder.<\/p>\n<p>O instituto Paran\u00e1 Pesquisas enviou um question\u00e1rio online para 2.008 brasileiros, com 16 anos ou mais, cadastrados na base do grupo. Os entrevistados est\u00e3o distribu\u00eddos em 26 estados e no Distrito Federal.<\/p>\n<p>As perguntas foram feitas entre os dias 9 e 11 de novembro.<\/p>\n<p style=\"text-align: right;\"><em><strong>R\u00e1dio jovem pan\/Foto: Jos\u00e9 Cruz\/ Ag\u00eancia Brasil<\/strong><\/em><\/p>\n","protected":false},"excerpt":{"rendered":"<p>O aumento no sal\u00e1rio dos ministros\u00a0n\u00e3o foi justo para 89,4% da popula\u00e7\u00e3o brasileira, segundo levantamento realizado pelo Paran\u00e1 Pesquisas e divulgado pela R\u00e1dio Jovem Pan,&hellip; <\/p>\n","protected":false},"author":1,"featured_media":72727,"comment_status":"closed","ping_status":"closed","sticky":false,"template":"","format":"standard","meta":{"sfsi_plus_gutenberg_text_before_share":"","sfsi_plus_gutenberg_show_text_before_share":"","sfsi_plus_gutenberg_icon_type":"","sfsi_plus_gutenberg_icon_alignemt":"","sfsi_plus_gutenburg_max_per_row":"","footnotes":""},"categories":[2],"tags":[],"class_list":["post-72726","post","type-post","status-publish","format-standard","has-post-thumbnail","hentry","category-geral"],"_links":{"self":[{"href":"https:\/\/www.caririemacao.com\/1\/wp-json\/wp\/v2\/posts\/72726","targetHints":{"allow":["GET"]}}],"collection":[{"href":"https:\/\/www.caririemacao.com\/1\/wp-json\/wp\/v2\/posts"}],"about":[{"href":"https:\/\/www.caririemacao.com\/1\/wp-json\/wp\/v2\/types\/post"}],"author":[{"embeddable":true,"href":"https:\/\/www.caririemacao.com\/1\/wp-json\/wp\/v2\/users\/1"}],"replies":[{"embeddable":true,"href":"https:\/\/www.caririemacao.com\/1\/wp-json\/wp\/v2\/comments?post=72726"}],"version-history":[{"count":1,"href":"https:\/\/www.caririemacao.com\/1\/wp-json\/wp\/v2\/posts\/72726\/revisions"}],"predecessor-version":[{"id":72728,"href":"https:\/\/www.caririemacao.com\/1\/wp-json\/wp\/v2\/posts\/72726\/revisions\/72728"}],"wp:featuredmedia":[{"embeddable":true,"href":"https:\/\/www.caririemacao.com\/1\/wp-json\/wp\/v2\/media\/72727"}],"wp:attachment":[{"href":"https:\/\/www.caririemacao.com\/1\/wp-json\/wp\/v2\/media?parent=72726"}],"wp:term":[{"taxonomy":"category","embeddable":true,"href":"https:\/\/www.caririemacao.com\/1\/wp-json\/wp\/v2\/categories?post=72726"},{"taxonomy":"post_tag","embeddable":true,"href":"https:\/\/www.caririemacao.com\/1\/wp-json\/wp\/v2\/tags?post=72726"}],"curies":[{"name":"wp","href":"https:\/\/api.w.org\/{rel}","templated":true}]}}