{"id":72730,"date":"2018-11-13T12:18:36","date_gmt":"2018-11-13T15:18:36","guid":{"rendered":"http:\/\/www.caririemacao.com\/1\/?p=72730"},"modified":"2018-11-13T12:18:36","modified_gmt":"2018-11-13T15:18:36","slug":"dirigentes-se-reunem-em-jp-para-iniciar-discussao-sobre-o-paraibano-2019","status":"publish","type":"post","link":"https:\/\/www.caririemacao.com\/1\/2018\/11\/13\/dirigentes-se-reunem-em-jp-para-iniciar-discussao-sobre-o-paraibano-2019\/","title":{"rendered":"Dirigentes se re\u00fanem em JP para iniciar discuss\u00e3o sobre o Paraibano 2019"},"content":{"rendered":"<div class=\"content\">\n<p>Pela primeira vez sob o comando da advogada Michele Ramalho, a Federa\u00e7\u00e3o Paraibana de Futebol (FPF) vai reunir logo mais, a partir das 15h, em um hotel de Jo\u00e3o Pessoa, representantes dos 10 clubes participantes do Campeonato Paraibano para iniciar as discuss\u00f5es sobre o certame de 2019.<\/p>\n<p>Com a classifica\u00e7\u00e3o da Perilima no \u00faltimo s\u00e1bado, est\u00e3o confirmadas todas as agremia\u00e7\u00f5es que v\u00e3o disputar a competi\u00e7\u00e3o em 2019. Al\u00e9m da \u00c1guia de Campina e o Esporte de Patos, o outro finalista da Segundinha, est\u00e3o garantidos: Atl\u00e9tico de Cajazeiras, Botafogo-PB, Campinense, CSP, Nacional de Patos, Serrano-PB, Sousa e Treze.<\/p>\n<p>Na reuni\u00e3o, v\u00e3o ser discutidos o calend\u00e1rio, o regulamento, al\u00e9m da f\u00f3rmula de disputa do estadual de 2019.<\/p>\n<p>Al\u00e9m dos representantes dos clubes e da presidente Michelle Ramalho, a grande expectativa da reuni\u00e3o \u00e9 para a presen\u00e7a do diretor de Competi\u00e7\u00f5es da CBF, Manoel Flores, que j\u00e1 havia sido confirmado para auxiliar a FPF na organiza\u00e7\u00e3o do estadual do ano que vem.<\/p>\n<p>De acordo com Michelle, a presen\u00e7a de Manoel Flores vai ser muito importante para a realiza\u00e7\u00e3o de um campeonato competitivo e transparente.<\/p>\n<p>\u2013 A Federa\u00e7\u00e3o Paraibana de Futebol n\u00e3o medir\u00e1 esfor\u00e7os para a realiza\u00e7\u00e3o de um grande estadual. Estou muito feliz por contar com o apoio da CBF, atrav\u00e9s de Manoel Flores, e vamos aproveitar muito os ensinamentos deste renomado profissional. Ser\u00e1 um Arbitral de muito di\u00e1logo com os clubes e tenho a certeza de que realizaremos um \u00f3timo campeonato na pr\u00f3xima temporada \u2013 declarou a mandat\u00e1ria da FPF .<\/p>\n<p style=\"text-align: right;\"><em><strong>Globoesporte\/Foto: Internet\u00a0<\/strong><\/em><\/p>\n<\/div>\n","protected":false},"excerpt":{"rendered":"<p>Pela primeira vez sob o comando da advogada Michele Ramalho, a Federa\u00e7\u00e3o Paraibana de Futebol (FPF) vai reunir logo mais, a partir das 15h, em&hellip; <\/p>\n","protected":false},"author":1,"featured_media":66533,"comment_status":"closed","ping_status":"closed","sticky":false,"template":"","format":"standard","meta":{"sfsi_plus_gutenberg_text_before_share":"","sfsi_plus_gutenberg_show_text_before_share":"","sfsi_plus_gutenberg_icon_type":"","sfsi_plus_gutenberg_icon_alignemt":"","sfsi_plus_gutenburg_max_per_row":"","footnotes":""},"categories":[13],"tags":[],"class_list":["post-72730","post","type-post","status-publish","format-standard","has-post-thumbnail","hentry","category-esportes"],"_links":{"self":[{"href":"https:\/\/www.caririemacao.com\/1\/wp-json\/wp\/v2\/posts\/72730","targetHints":{"allow":["GET"]}}],"collection":[{"href":"https:\/\/www.caririemacao.com\/1\/wp-json\/wp\/v2\/posts"}],"about":[{"href":"https:\/\/www.caririemacao.com\/1\/wp-json\/wp\/v2\/types\/post"}],"author":[{"embeddable":true,"href":"https:\/\/www.caririemacao.com\/1\/wp-json\/wp\/v2\/users\/1"}],"replies":[{"embeddable":true,"href":"https:\/\/www.caririemacao.com\/1\/wp-json\/wp\/v2\/comments?post=72730"}],"version-history":[{"count":1,"href":"https:\/\/www.caririemacao.com\/1\/wp-json\/wp\/v2\/posts\/72730\/revisions"}],"predecessor-version":[{"id":72731,"href":"https:\/\/www.caririemacao.com\/1\/wp-json\/wp\/v2\/posts\/72730\/revisions\/72731"}],"wp:featuredmedia":[{"embeddable":true,"href":"https:\/\/www.caririemacao.com\/1\/wp-json\/wp\/v2\/media\/66533"}],"wp:attachment":[{"href":"https:\/\/www.caririemacao.com\/1\/wp-json\/wp\/v2\/media?parent=72730"}],"wp:term":[{"taxonomy":"category","embeddable":true,"href":"https:\/\/www.caririemacao.com\/1\/wp-json\/wp\/v2\/categories?post=72730"},{"taxonomy":"post_tag","embeddable":true,"href":"https:\/\/www.caririemacao.com\/1\/wp-json\/wp\/v2\/tags?post=72730"}],"curies":[{"name":"wp","href":"https:\/\/api.w.org\/{rel}","templated":true}]}}