{"id":72732,"date":"2018-11-13T12:22:29","date_gmt":"2018-11-13T15:22:29","guid":{"rendered":"http:\/\/www.caririemacao.com\/1\/?p=72732"},"modified":"2018-11-13T12:22:29","modified_gmt":"2018-11-13T15:22:29","slug":"enem-estudantes-devem-ficar-atentos-aos-proximos-passos","status":"publish","type":"post","link":"https:\/\/www.caririemacao.com\/1\/2018\/11\/13\/enem-estudantes-devem-ficar-atentos-aos-proximos-passos\/","title":{"rendered":"Enem: estudantes devem ficar atentos aos pr\u00f3ximos passos"},"content":{"rendered":"<p>Ap\u00f3s as provas aplicadas nos primeiros domingos (04 e 11) de novembro, os estudantes que realizaram as provas do\u00a0Exame Nacional do Ensino M\u00e9dio\u00a0(Enem), em 2018, devem ficar atentos aos pr\u00f3ximos passos para tentar ingressar em uma institui\u00e7\u00e3o de ensino superior p\u00fablico ou privado do pa\u00eds.<\/p>\n<p><strong>Gabarito<\/strong><\/p>\n<p>Na pr\u00f3xima quarta-feira (14) ocorrer\u00e1 a publica\u00e7\u00e3o dos Gabaritos e tamb\u00e9m dos Cadernos de Quest\u00f5es, j\u00e1 que os gabaritos que v\u00eam sendo divulgados ainda n\u00e3o s\u00e3o os oficiais. Em 18 de janeiro de 2019, ocorrer\u00e1, por vez, a divulga\u00e7\u00e3o dos Resultados Individuais.<\/p>\n<p><strong>Calend\u00e1rio do Enem<\/strong><\/p>\n<p>As datas espec\u00edficas para sair os\u00a0<a href=\"https:\/\/enem.inep.gov.br\/\" target=\"_blank\" rel=\"noopener\"><strong>Resultados dos Treineiros e dos Espelhos de Reda\u00e7\u00e3o<\/strong><\/a>\u00a0 est\u00e3o sendo definidas pelo Minist\u00e9rio da Educa\u00e7\u00e3o, mas j\u00e1 h\u00e1 previs\u00e3o para mar\u00e7o do pr\u00f3ximo ano.<\/p>\n<p><strong>Sisu, Prouni e Fies<\/strong><\/p>\n<p>Divulgadas as datas, os estudantes devem aguardar, por fim, a abertura do Sistema de Sele\u00e7\u00e3o Unificada (Sisu), Programa de Inclus\u00e3o Universit\u00e1ria (Prouni) e do Financiamento Estudantil (Fies), para poderem participar das sele\u00e7\u00f5es e concorrerem as vagas nas faculdades e universidades nacionais.<\/p>\n<p style=\"text-align: right;\"><em><strong>Portal Correio\/Foto: Internet\u00a0<\/strong><\/em><\/p>\n","protected":false},"excerpt":{"rendered":"<p>Ap\u00f3s as provas aplicadas nos primeiros domingos (04 e 11) de novembro, os estudantes que realizaram as provas do\u00a0Exame Nacional do Ensino M\u00e9dio\u00a0(Enem), em 2018,&hellip; <\/p>\n","protected":false},"author":1,"featured_media":42638,"comment_status":"closed","ping_status":"closed","sticky":false,"template":"","format":"standard","meta":{"sfsi_plus_gutenberg_text_before_share":"","sfsi_plus_gutenberg_show_text_before_share":"","sfsi_plus_gutenberg_icon_type":"","sfsi_plus_gutenberg_icon_alignemt":"","sfsi_plus_gutenburg_max_per_row":"","footnotes":""},"categories":[14],"tags":[],"class_list":["post-72732","post","type-post","status-publish","format-standard","has-post-thumbnail","hentry","category-educacao"],"_links":{"self":[{"href":"https:\/\/www.caririemacao.com\/1\/wp-json\/wp\/v2\/posts\/72732","targetHints":{"allow":["GET"]}}],"collection":[{"href":"https:\/\/www.caririemacao.com\/1\/wp-json\/wp\/v2\/posts"}],"about":[{"href":"https:\/\/www.caririemacao.com\/1\/wp-json\/wp\/v2\/types\/post"}],"author":[{"embeddable":true,"href":"https:\/\/www.caririemacao.com\/1\/wp-json\/wp\/v2\/users\/1"}],"replies":[{"embeddable":true,"href":"https:\/\/www.caririemacao.com\/1\/wp-json\/wp\/v2\/comments?post=72732"}],"version-history":[{"count":1,"href":"https:\/\/www.caririemacao.com\/1\/wp-json\/wp\/v2\/posts\/72732\/revisions"}],"predecessor-version":[{"id":72733,"href":"https:\/\/www.caririemacao.com\/1\/wp-json\/wp\/v2\/posts\/72732\/revisions\/72733"}],"wp:featuredmedia":[{"embeddable":true,"href":"https:\/\/www.caririemacao.com\/1\/wp-json\/wp\/v2\/media\/42638"}],"wp:attachment":[{"href":"https:\/\/www.caririemacao.com\/1\/wp-json\/wp\/v2\/media?parent=72732"}],"wp:term":[{"taxonomy":"category","embeddable":true,"href":"https:\/\/www.caririemacao.com\/1\/wp-json\/wp\/v2\/categories?post=72732"},{"taxonomy":"post_tag","embeddable":true,"href":"https:\/\/www.caririemacao.com\/1\/wp-json\/wp\/v2\/tags?post=72732"}],"curies":[{"name":"wp","href":"https:\/\/api.w.org\/{rel}","templated":true}]}}