{"id":72745,"date":"2018-11-13T13:13:56","date_gmt":"2018-11-13T16:13:56","guid":{"rendered":"http:\/\/www.caririemacao.com\/1\/?p=72745"},"modified":"2018-11-13T13:13:56","modified_gmt":"2018-11-13T16:13:56","slug":"secretaria-de-assistencia-social-de-prata-distribui-kit-bebe-para-gestantes","status":"publish","type":"post","link":"https:\/\/www.caririemacao.com\/1\/2018\/11\/13\/secretaria-de-assistencia-social-de-prata-distribui-kit-bebe-para-gestantes\/","title":{"rendered":"SECRETARIA DE ASSIST\u00caNCIA SOCIAL DE PRATA DISTRIBUI KIT BEB\u00ca PARA GESTANTES"},"content":{"rendered":"<div>A Prefeitura Municipal de Prata atrav\u00e9s da Secretaria de Assist\u00eancia Social realizou na tarde desta segunda-feira, 12\/11, a entrega de Kits para beb\u00eas \u00e0s gestantes do Centro de Refer\u00eancia e Assist\u00eancia Social(CRAS), Programa de Assist\u00eancia Integral \u00e0 Fam\u00edlia(PAIF) e Programa Crian\u00e7a Feliz(PCF).<\/div>\n<div><\/div>\n<div>No evento estiveram presentes o Prefeito J\u00fanior N\u00f3brega, a Secret\u00e1ria de Assist\u00eancia Social Gilvaneide Bezerra, as Equipes do CRAS e PCF, houve palestra sobre a Depress\u00e3o p\u00f3s parto com a Psic\u00f3loga do CRAS, Juciane Castro.<\/div>\n<div class=\"separator\"><a href=\"https:\/\/1.bp.blogspot.com\/-dNgRuaQqwYw\/W-oPrqmqZzI\/AAAAAAABRA8\/vjGuj4maabkBjJRLxm2rxncHPrQmYfgfACLcBGAs\/s1600\/salt_20181112_212013_771.jpg\"><img fetchpriority=\"high\" decoding=\"async\" src=\"https:\/\/1.bp.blogspot.com\/-dNgRuaQqwYw\/W-oPrqmqZzI\/AAAAAAABRA8\/vjGuj4maabkBjJRLxm2rxncHPrQmYfgfACLcBGAs\/s320\/salt_20181112_212013_771.jpg\" width=\"320\" height=\"320\" border=\"0\" data-original-height=\"1600\" data-original-width=\"1600\" \/><\/a><\/div>\n<p>&nbsp;<\/p>\n<div class=\"separator\"><a href=\"https:\/\/3.bp.blogspot.com\/-ob6PWOG5B2s\/W-oPv_8nD0I\/AAAAAAABRBE\/U61-fw7k7tQw78B_mCokSkX0q9fOyVM5wCLcBGAs\/s1600\/salt_20181112_212528_094.jpg\"><img decoding=\"async\" data-src=\"https:\/\/3.bp.blogspot.com\/-ob6PWOG5B2s\/W-oPv_8nD0I\/AAAAAAABRBE\/U61-fw7k7tQw78B_mCokSkX0q9fOyVM5wCLcBGAs\/s320\/salt_20181112_212528_094.jpg\" width=\"320\" height=\"320\" border=\"0\" data-original-height=\"1600\" data-original-width=\"1600\" src=\"data:image\/svg+xml;base64,PHN2ZyB3aWR0aD0iMSIgaGVpZ2h0PSIxIiB4bWxucz0iaHR0cDovL3d3dy53My5vcmcvMjAwMC9zdmciPjwvc3ZnPg==\" class=\"lazyload\" style=\"--smush-placeholder-width: 320px; --smush-placeholder-aspect-ratio: 320\/320;\" \/><\/a><\/div>\n<p>&nbsp;<\/p>\n<div class=\"separator\"><a href=\"https:\/\/1.bp.blogspot.com\/--gqwPoUziMg\/W-oP1qZnF2I\/AAAAAAABRBI\/CF5L-h_3NUAAquWFyQu9mvJ6eZdrJGkTACLcBGAs\/s1600\/salt_20181112_212428_198.jpg\"><img decoding=\"async\" data-src=\"https:\/\/1.bp.blogspot.com\/--gqwPoUziMg\/W-oP1qZnF2I\/AAAAAAABRBI\/CF5L-h_3NUAAquWFyQu9mvJ6eZdrJGkTACLcBGAs\/s320\/salt_20181112_212428_198.jpg\" width=\"320\" height=\"320\" border=\"0\" data-original-height=\"1600\" data-original-width=\"1600\" src=\"data:image\/svg+xml;base64,PHN2ZyB3aWR0aD0iMSIgaGVpZ2h0PSIxIiB4bWxucz0iaHR0cDovL3d3dy53My5vcmcvMjAwMC9zdmciPjwvc3ZnPg==\" class=\"lazyload\" style=\"--smush-placeholder-width: 320px; --smush-placeholder-aspect-ratio: 320\/320;\" \/><\/a><\/div>\n<div><\/div>\n<div>Ascom\/Prata<\/div>\n","protected":false},"excerpt":{"rendered":"<p>A Prefeitura Municipal de Prata atrav\u00e9s da Secretaria de Assist\u00eancia Social realizou na tarde desta segunda-feira, 12\/11, a entrega de Kits para beb\u00eas \u00e0s gestantes&hellip; <\/p>\n","protected":false},"author":1,"featured_media":72746,"comment_status":"closed","ping_status":"closed","sticky":false,"template":"","format":"standard","meta":{"sfsi_plus_gutenberg_text_before_share":"","sfsi_plus_gutenberg_show_text_before_share":"","sfsi_plus_gutenberg_icon_type":"","sfsi_plus_gutenberg_icon_alignemt":"","sfsi_plus_gutenburg_max_per_row":"","footnotes":""},"categories":[2],"tags":[],"class_list":["post-72745","post","type-post","status-publish","format-standard","has-post-thumbnail","hentry","category-geral"],"_links":{"self":[{"href":"https:\/\/www.caririemacao.com\/1\/wp-json\/wp\/v2\/posts\/72745","targetHints":{"allow":["GET"]}}],"collection":[{"href":"https:\/\/www.caririemacao.com\/1\/wp-json\/wp\/v2\/posts"}],"about":[{"href":"https:\/\/www.caririemacao.com\/1\/wp-json\/wp\/v2\/types\/post"}],"author":[{"embeddable":true,"href":"https:\/\/www.caririemacao.com\/1\/wp-json\/wp\/v2\/users\/1"}],"replies":[{"embeddable":true,"href":"https:\/\/www.caririemacao.com\/1\/wp-json\/wp\/v2\/comments?post=72745"}],"version-history":[{"count":1,"href":"https:\/\/www.caririemacao.com\/1\/wp-json\/wp\/v2\/posts\/72745\/revisions"}],"predecessor-version":[{"id":72747,"href":"https:\/\/www.caririemacao.com\/1\/wp-json\/wp\/v2\/posts\/72745\/revisions\/72747"}],"wp:featuredmedia":[{"embeddable":true,"href":"https:\/\/www.caririemacao.com\/1\/wp-json\/wp\/v2\/media\/72746"}],"wp:attachment":[{"href":"https:\/\/www.caririemacao.com\/1\/wp-json\/wp\/v2\/media?parent=72745"}],"wp:term":[{"taxonomy":"category","embeddable":true,"href":"https:\/\/www.caririemacao.com\/1\/wp-json\/wp\/v2\/categories?post=72745"},{"taxonomy":"post_tag","embeddable":true,"href":"https:\/\/www.caririemacao.com\/1\/wp-json\/wp\/v2\/tags?post=72745"}],"curies":[{"name":"wp","href":"https:\/\/api.w.org\/{rel}","templated":true}]}}