{"id":72748,"date":"2018-11-13T13:21:44","date_gmt":"2018-11-13T16:21:44","guid":{"rendered":"http:\/\/www.caririemacao.com\/1\/?p=72748"},"modified":"2018-11-13T13:21:44","modified_gmt":"2018-11-13T16:21:44","slug":"prefeitura-de-prata-faz-a-limpeza-do-lixao","status":"publish","type":"post","link":"https:\/\/www.caririemacao.com\/1\/2018\/11\/13\/prefeitura-de-prata-faz-a-limpeza-do-lixao\/","title":{"rendered":"Prefeitura de Prata faz a limpeza do Lix\u00e3o"},"content":{"rendered":"<div>A Prefeitura de Prata\u00a0 atrav\u00e9s da Secretaria de Infraestrutura fez a limpeza do lix\u00e3o. Todo o lixo foi retirado deixando a \u00e1rea totalmente limpa. Foram cavadas valas para que o lixo e os entulhos sejam enterrados.<\/div>\n<div><\/div>\n<div>De acordo com o secret\u00e1rio de Infraestrutura , Edimar , a problem\u00e1tica do lix\u00e3o \u00e9 antiga e a atual administra\u00e7\u00e3o assumiu o governo sabendo das responsabilidades com o lixo e a gest\u00e3o est\u00e1 buscando solu\u00e7\u00f5es.<\/div>\n<div class=\"separator\"><a href=\"https:\/\/4.bp.blogspot.com\/-hIa3iHzsIlQ\/W-o2sLgmSaI\/AAAAAAABRBs\/iVfit8bx-Mc4IxepRwskM5ViXFqBt-PSACLcBGAs\/s1600\/IMG-20181112-WA0200.jpg\"><img fetchpriority=\"high\" decoding=\"async\" src=\"https:\/\/4.bp.blogspot.com\/-hIa3iHzsIlQ\/W-o2sLgmSaI\/AAAAAAABRBs\/iVfit8bx-Mc4IxepRwskM5ViXFqBt-PSACLcBGAs\/s320\/IMG-20181112-WA0200.jpg\" width=\"320\" height=\"240\" border=\"0\" data-original-height=\"960\" data-original-width=\"1280\" \/><\/a><\/div>\n<div><\/div>\n<div>Ascom\/Prata<\/div>\n","protected":false},"excerpt":{"rendered":"<p>A Prefeitura de Prata\u00a0 atrav\u00e9s da Secretaria de Infraestrutura fez a limpeza do lix\u00e3o. Todo o lixo foi retirado deixando a \u00e1rea totalmente limpa. Foram&hellip; <\/p>\n","protected":false},"author":1,"featured_media":72749,"comment_status":"closed","ping_status":"closed","sticky":false,"template":"","format":"standard","meta":{"sfsi_plus_gutenberg_text_before_share":"","sfsi_plus_gutenberg_show_text_before_share":"","sfsi_plus_gutenberg_icon_type":"","sfsi_plus_gutenberg_icon_alignemt":"","sfsi_plus_gutenburg_max_per_row":"","footnotes":""},"categories":[6],"tags":[],"class_list":["post-72748","post","type-post","status-publish","format-standard","has-post-thumbnail","hentry","category-cidades"],"_links":{"self":[{"href":"https:\/\/www.caririemacao.com\/1\/wp-json\/wp\/v2\/posts\/72748","targetHints":{"allow":["GET"]}}],"collection":[{"href":"https:\/\/www.caririemacao.com\/1\/wp-json\/wp\/v2\/posts"}],"about":[{"href":"https:\/\/www.caririemacao.com\/1\/wp-json\/wp\/v2\/types\/post"}],"author":[{"embeddable":true,"href":"https:\/\/www.caririemacao.com\/1\/wp-json\/wp\/v2\/users\/1"}],"replies":[{"embeddable":true,"href":"https:\/\/www.caririemacao.com\/1\/wp-json\/wp\/v2\/comments?post=72748"}],"version-history":[{"count":1,"href":"https:\/\/www.caririemacao.com\/1\/wp-json\/wp\/v2\/posts\/72748\/revisions"}],"predecessor-version":[{"id":72750,"href":"https:\/\/www.caririemacao.com\/1\/wp-json\/wp\/v2\/posts\/72748\/revisions\/72750"}],"wp:featuredmedia":[{"embeddable":true,"href":"https:\/\/www.caririemacao.com\/1\/wp-json\/wp\/v2\/media\/72749"}],"wp:attachment":[{"href":"https:\/\/www.caririemacao.com\/1\/wp-json\/wp\/v2\/media?parent=72748"}],"wp:term":[{"taxonomy":"category","embeddable":true,"href":"https:\/\/www.caririemacao.com\/1\/wp-json\/wp\/v2\/categories?post=72748"},{"taxonomy":"post_tag","embeddable":true,"href":"https:\/\/www.caririemacao.com\/1\/wp-json\/wp\/v2\/tags?post=72748"}],"curies":[{"name":"wp","href":"https:\/\/api.w.org\/{rel}","templated":true}]}}