{"id":72754,"date":"2018-11-13T13:31:44","date_gmt":"2018-11-13T16:31:44","guid":{"rendered":"http:\/\/www.caririemacao.com\/1\/?p=72754"},"modified":"2018-11-13T13:31:44","modified_gmt":"2018-11-13T16:31:44","slug":"secretaria-de-saude-de-prata-atraves-da-vigilancia-sanitaria-realizou-o-cadastramento-dos-estabelecimentos-comerciais","status":"publish","type":"post","link":"https:\/\/www.caririemacao.com\/1\/2018\/11\/13\/secretaria-de-saude-de-prata-atraves-da-vigilancia-sanitaria-realizou-o-cadastramento-dos-estabelecimentos-comerciais\/","title":{"rendered":"Secretaria de sa\u00fade de Prata atrav\u00e9s da vigil\u00e2ncia sanit\u00e1ria realizou o cadastramento dos estabelecimentos comerciais"},"content":{"rendered":"<div>A Secretaria Municipal de Sa\u00fade, juntamente com a Vigil\u00e2ncia Sanit\u00e1ria (VISA) do munic\u00edpio de Prata- PB realizou o cadastramento dos estabelecimentos comerciais durante os meses de junho a setembro de 2018. A pr\u00f3xima atividade da VISA ser\u00e1 a realiza\u00e7\u00e3o de inspe\u00e7\u00e3o nos estabelecimentos para posteriormente ser expedido o alvar\u00e1 sanit\u00e1rio, contudo s\u00f3 ser\u00e1 expedido alvar\u00e1 aquele estabelecimento que estiver de acordo com a regulamenta\u00e7\u00e3o municipal, estadual, federal e com as normas t\u00e9cnicas especiais de todos os estabelecimentos cujas atividades contem na Lei municipal n\u00ba 014\/2016, de 04 de Fevereiro de 2016, e os que, pela natureza das atividades desenvolvidas, possam comprometer a prote\u00e7\u00e3o e preserva\u00e7\u00e3o da sa\u00fade, individual e coletiva.<\/div>\n<div><\/div>\n<div>A Vigil\u00e2ncia Sanit\u00e1ria, no \u00e2mbito de sua compet\u00eancia desenvolve a\u00e7\u00f5es de controle e fiscaliza\u00e7\u00e3o capazes de eliminar, diminuir ou prevenir riscos a sa\u00fade e de intervir nos problemas sanit\u00e1rios decorrentes do meio ambiente da produ\u00e7\u00e3o e circula\u00e7\u00e3o de bens e da presta\u00e7\u00e3o.<\/div>\n<div><\/div>\n<div>Ascom\/Prata<\/div>\n","protected":false},"excerpt":{"rendered":"<p>A Secretaria Municipal de Sa\u00fade, juntamente com a Vigil\u00e2ncia Sanit\u00e1ria (VISA) do munic\u00edpio de Prata- PB realizou o cadastramento dos estabelecimentos comerciais durante os meses&hellip; <\/p>\n","protected":false},"author":1,"featured_media":72756,"comment_status":"closed","ping_status":"closed","sticky":false,"template":"","format":"standard","meta":{"sfsi_plus_gutenberg_text_before_share":"","sfsi_plus_gutenberg_show_text_before_share":"","sfsi_plus_gutenberg_icon_type":"","sfsi_plus_gutenberg_icon_alignemt":"","sfsi_plus_gutenburg_max_per_row":"","footnotes":""},"categories":[16],"tags":[],"class_list":["post-72754","post","type-post","status-publish","format-standard","has-post-thumbnail","hentry","category-saude"],"_links":{"self":[{"href":"https:\/\/www.caririemacao.com\/1\/wp-json\/wp\/v2\/posts\/72754","targetHints":{"allow":["GET"]}}],"collection":[{"href":"https:\/\/www.caririemacao.com\/1\/wp-json\/wp\/v2\/posts"}],"about":[{"href":"https:\/\/www.caririemacao.com\/1\/wp-json\/wp\/v2\/types\/post"}],"author":[{"embeddable":true,"href":"https:\/\/www.caririemacao.com\/1\/wp-json\/wp\/v2\/users\/1"}],"replies":[{"embeddable":true,"href":"https:\/\/www.caririemacao.com\/1\/wp-json\/wp\/v2\/comments?post=72754"}],"version-history":[{"count":2,"href":"https:\/\/www.caririemacao.com\/1\/wp-json\/wp\/v2\/posts\/72754\/revisions"}],"predecessor-version":[{"id":72757,"href":"https:\/\/www.caririemacao.com\/1\/wp-json\/wp\/v2\/posts\/72754\/revisions\/72757"}],"wp:featuredmedia":[{"embeddable":true,"href":"https:\/\/www.caririemacao.com\/1\/wp-json\/wp\/v2\/media\/72756"}],"wp:attachment":[{"href":"https:\/\/www.caririemacao.com\/1\/wp-json\/wp\/v2\/media?parent=72754"}],"wp:term":[{"taxonomy":"category","embeddable":true,"href":"https:\/\/www.caririemacao.com\/1\/wp-json\/wp\/v2\/categories?post=72754"},{"taxonomy":"post_tag","embeddable":true,"href":"https:\/\/www.caririemacao.com\/1\/wp-json\/wp\/v2\/tags?post=72754"}],"curies":[{"name":"wp","href":"https:\/\/api.w.org\/{rel}","templated":true}]}}