{"id":72758,"date":"2018-11-13T13:39:30","date_gmt":"2018-11-13T16:39:30","guid":{"rendered":"http:\/\/www.caririemacao.com\/1\/?p=72758"},"modified":"2018-11-13T13:39:30","modified_gmt":"2018-11-13T16:39:30","slug":"joao-azevedo-nao-vai-a-encontro-com-jair-bolsonaro","status":"publish","type":"post","link":"https:\/\/www.caririemacao.com\/1\/2018\/11\/13\/joao-azevedo-nao-vai-a-encontro-com-jair-bolsonaro\/","title":{"rendered":"Jo\u00e3o Azev\u00eado n\u00e3o vai a encontro com Jair Bolsonaro"},"content":{"rendered":"<p>O governador eleito, Jo\u00e3o Azev\u00eado (PSB), n\u00e3o participar\u00e1 do encontro de governadores com o presidente eleito Jair Bolsonaro, (PSL), programado para acontecer \u00e0s 9h, no Centro Internacional de Conven\u00e7\u00f5es de Bras\u00edlia (CICB).<\/p>\n<p>O\u00a0<strong>Portal Correio<\/strong>\u00a0tentou manter contato nesta ter\u00e7a-feira (13) com Jo\u00e3o Azev\u00eado, mas n\u00e3o teve as liga\u00e7\u00f5es atendidas. A assessoria do socialista informou que ele chegou a ser convidado para a reuni\u00e3o, mas devido a compromissos em sua agenda n\u00e3o poder\u00e1 comparecer.<\/p>\n<h2>Dezoito j\u00e1 confirmaram<\/h2>\n<p>At\u00e9 agora, confirmaram presen\u00e7a os governadores eleitos do Acre, Gladon Cameli; Amap\u00e1, Waldez G\u00f3es; Amazonas, Wilson Lima; Distrito Federal, Ibaneis\u00a0Rocha; de Goi\u00e1s, Ronaldo Caiado; Mato Grosso do Sul, Reinaldo Azambuja; Minas Gerais, Romeu Zema; Mato Grosso, Mauro Mendes; do Par\u00e1, Helder Barbalho; Paran\u00e1, Ratinho\u00a0J\u00fanior; Rio de Janeiro, Wilson Witzel; Rio Grande do Norte, F\u00e1tima Bezerra; Rio Grande do Sul, Eduardo Leite; de Roraima, Antonio Denarium; Santa Catarina, Coronel Carlos Mois\u00e9s da Silva; S\u00e3o Paulo, Jo\u00e3o Doria; e do Tocantins, Mauro Carlesse.<\/p>\n<h2>\u2018Encontro de aproxima\u00e7\u00e3o\u2019<\/h2>\n<p>Segundo os organizadores, a ideia \u00e9 que seja um \u201cencontro de aproxima\u00e7\u00e3o\u201d. Os anfitri\u00f5es ainda aguardam a confirma\u00e7\u00e3o do futuro presidente. Al\u00e9m de Bolsonaro, dever\u00e3o participar do evento os futuros ministros da Economia, Paulo Guedes, e da Casa Civil, Onyx Lorenzoni. A palavra tamb\u00e9m ser\u00e1 aberta aos futuros governadores.<\/p>\n<h2>Bolsonaro em Bras\u00edlia<\/h2>\n<p>O presidente eleito chega nesta ter\u00e7a-feira (13) a Bras\u00edlia e seguir\u00e1 para o Centro Cultural Banco do Brasil (CCBB), onde trabalha e se re\u00fane a equipe da transi\u00e7\u00e3o de governo.\u00a0Inicialmente, a previs\u00e3o era que ele fosse primeiro ao Congresso Nacional e depois ao CCBB, mas a agenda no Legislativo\u00a0<a class=\"monsterinsights-internal-as-outbound\" href=\"http:\/\/agenciabrasil.ebc.com.br\/politica\/noticia\/2018-11\/bolsonaro-cancela-agendas-no-congresso-nacional-0\" data-vars-category=\"outbound-link-int\" data-vars-action=\"http:\/\/agenciabrasil.ebc.com.br\/politica\/noticia\/2018-11\/bolsonaro-cancela-agendas-no-congresso-nacional-0\" data-vars-label=\"foi cancelada\">foi cancelada<\/a>\u00a0no \u00faltimo s\u00e1bado (10).<\/p>\n<p>O restante da agenda de Bolsonaro em Bras\u00edlia est\u00e1 mantido. Nesta ter\u00e7a-feira, \u00e0 tarde, ele ter\u00e1 tr\u00eas reuni\u00f5es. A primeira, \u00e0s 13h, ser\u00e1 com a presidente do Tribunal Superior\u00a0Eleitoral (TSE), ministra Rosa Weber. Em seguida, \u00e0s 14h30, Bolsonaro ser\u00e1 recebido pelo presidente do Tribunal Superior do Trabalho (TST), ministro Jo\u00e3o Batista\u00a0Brito Pereira. Previsto para as 16h, o \u00faltimo encontro ser\u00e1 com o presidente do Superior Tribunal Militar (STM), ministro Jos\u00e9 Coelho Ferreira.<\/p>\n<p>Ag\u00eancia Brasil<\/p>\n","protected":false},"excerpt":{"rendered":"<p>O governador eleito, Jo\u00e3o Azev\u00eado (PSB), n\u00e3o participar\u00e1 do encontro de governadores com o presidente eleito Jair Bolsonaro, (PSL), programado para acontecer \u00e0s 9h, no&hellip; <\/p>\n","protected":false},"author":1,"featured_media":36627,"comment_status":"closed","ping_status":"closed","sticky":false,"template":"","format":"standard","meta":{"sfsi_plus_gutenberg_text_before_share":"","sfsi_plus_gutenberg_show_text_before_share":"","sfsi_plus_gutenberg_icon_type":"","sfsi_plus_gutenberg_icon_alignemt":"","sfsi_plus_gutenburg_max_per_row":"","footnotes":""},"categories":[11],"tags":[],"class_list":["post-72758","post","type-post","status-publish","format-standard","has-post-thumbnail","hentry","category-politica"],"_links":{"self":[{"href":"https:\/\/www.caririemacao.com\/1\/wp-json\/wp\/v2\/posts\/72758","targetHints":{"allow":["GET"]}}],"collection":[{"href":"https:\/\/www.caririemacao.com\/1\/wp-json\/wp\/v2\/posts"}],"about":[{"href":"https:\/\/www.caririemacao.com\/1\/wp-json\/wp\/v2\/types\/post"}],"author":[{"embeddable":true,"href":"https:\/\/www.caririemacao.com\/1\/wp-json\/wp\/v2\/users\/1"}],"replies":[{"embeddable":true,"href":"https:\/\/www.caririemacao.com\/1\/wp-json\/wp\/v2\/comments?post=72758"}],"version-history":[{"count":1,"href":"https:\/\/www.caririemacao.com\/1\/wp-json\/wp\/v2\/posts\/72758\/revisions"}],"predecessor-version":[{"id":72763,"href":"https:\/\/www.caririemacao.com\/1\/wp-json\/wp\/v2\/posts\/72758\/revisions\/72763"}],"wp:featuredmedia":[{"embeddable":true,"href":"https:\/\/www.caririemacao.com\/1\/wp-json\/wp\/v2\/media\/36627"}],"wp:attachment":[{"href":"https:\/\/www.caririemacao.com\/1\/wp-json\/wp\/v2\/media?parent=72758"}],"wp:term":[{"taxonomy":"category","embeddable":true,"href":"https:\/\/www.caririemacao.com\/1\/wp-json\/wp\/v2\/categories?post=72758"},{"taxonomy":"post_tag","embeddable":true,"href":"https:\/\/www.caririemacao.com\/1\/wp-json\/wp\/v2\/tags?post=72758"}],"curies":[{"name":"wp","href":"https:\/\/api.w.org\/{rel}","templated":true}]}}