{"id":72764,"date":"2018-11-13T13:45:54","date_gmt":"2018-11-13T16:45:54","guid":{"rendered":"http:\/\/www.caririemacao.com\/1\/?p=72764"},"modified":"2018-11-13T13:45:54","modified_gmt":"2018-11-13T16:45:54","slug":"sitio-atibaia-lula-sera-interrogado-nesta-quarta-feira-veja-detalhes-do-caso","status":"publish","type":"post","link":"https:\/\/www.caririemacao.com\/1\/2018\/11\/13\/sitio-atibaia-lula-sera-interrogado-nesta-quarta-feira-veja-detalhes-do-caso\/","title":{"rendered":"S\u00edtio Atibaia: Lula ser\u00e1 interrogado nesta quarta-feira; veja detalhes do caso"},"content":{"rendered":"<p>Nesta quarta-feira (14), o ex-presidente Luiz In\u00e1cio Lula da Silva (PT) ser\u00e1 interrogado em Curitiba pela ju\u00edza federal Gabriela Hardt, substituta de Sergio Moro, como r\u00e9u do processo da Opera\u00e7\u00e3o Lava Jato sobre o s\u00edtio de Atibaia (SP). Segundo den\u00fancia do MPF\u00a0(Minist\u00e9rio P\u00fablico Federal), Lula teria sido o benefici\u00e1rio de reformas feitas no local por empresas ap\u00f3s benefici\u00e1-las em contratos com a Petrobras obtidos de forma fraudulenta.<\/p>\n<p>H\u00e1 outros 12 r\u00e9us no processo, que v\u00eam sendo interrogados desde a semana passada. Entre eles est\u00e3o Em\u00edlio e Marcelo Odebrecht, da empresa que leva o nome da fam\u00edlia; L\u00e9o Pinheiro, ex-presidente da construtora OAS; e o pecuarista Jos\u00e9 Carlos Bumlai, que tamb\u00e9m ser\u00e1 ouvido na quarta-feira.<\/p>\n<p>Lula responde a outros processos derivados das opera\u00e7\u00f5es Lava Jato e Zelotes. Um deles, o do tr\u00edplex do Guaruj\u00e1 (SP), foi o que levou o ex-presidente \u00e0 cadeia ap\u00f3s a condena\u00e7\u00e3o em segunda inst\u00e2ncia. Lula recorre da decis\u00e3o nos tribunais superiores.<\/p>\n<p><strong>A den\u00fancia<\/strong><\/p>\n<p>O MPF\u00a0acusa Lula de ter recebido propina por meio de reformas no s\u00edtio, que pertence a Fernando Bittar, amigo da fam\u00edlia do ex-presidente. Os recursos teriam vindo de crimes cometidos pelas construtoras Odebrecht, OAS e Schahin em contratos com a Petrobras.<\/p>\n<p>Marcelo Odebrecht teria corrompido Lula e executivos da Petrobras nomeados pelo ex-presidente para obter vantagens em quatro contratos com a Petrobras. L\u00e9o Pinheiro e Agenor Medeiros teriam feito o mesmo para a OAS em rela\u00e7\u00e3o a tr\u00eas contratos com a estatal. Segundo a acusa\u00e7\u00e3o, a Odebrecht gastou R$ 700.000 com as reformas no s\u00edtio, e a OAS, R$ 170.000.<\/p>\n<p>De acordo com o MPF, o pecuarista Jos\u00e9 Carlos Bumlai intermediou o pagamento de R$ 150.500 gastos nas reformas. Os valores tamb\u00e9m teriam origem em um contrato da construtora Schahin obtido de forma fraudulenta junto \u00e0 Petrobras.<\/p>\n<p>Para atribuir o uso do s\u00edtio a Lula, o\u00a0 MPF\u00a0apresenta os seguintes ind\u00edcios: registros de que carros usados pelo ex-presidente estiveram l\u00e1 ao menos 270 vezes entre 2011 e 2016; a presen\u00e7a de dois pedalinhos com nomes de netos do petista; e a exist\u00eancia no local de bens pessoais de Lula, como roupas com as iniciais dele e da ex-primeira-dama Marisa Let\u00edcia, que morreu em 2017.<\/p>\n<p><strong>Os r\u00e9us<\/strong><\/p>\n<p>Luiz In\u00e1cio Lula da Silva: o ex-presidente da Rep\u00fablica \u00e9 acusado dos crimes de corrup\u00e7\u00e3o passiva e lavagem de dinheiro.<\/p>\n<p>Marcelo Odebrecht: ex-presidente do Grupo Odebrecht. Em seu interrogat\u00f3rio, disse que reclamou da reforma porque seria uma \u201cexposi\u00e7\u00e3o desnecess\u00e1ria\u201d, e a primeira vez em que a Odebrecht faria algo \u201cpessoal\u201d para Lula. Por\u00e9m, negou rela\u00e7\u00e3o entre a reforma e contratos com a Petrobras. \u00c9 acusado de corrup\u00e7\u00e3o ativa e lavagem de dinheiro.<\/p>\n<p>Em\u00edlio Odebrecht: ex-presidente do Conselho de Administra\u00e7\u00e3o da Odebrecht e pai de Marcelo. Declarou ter autorizado a Odebrecht a fazer a reforma no s\u00edtio. Acusado de lavagem de dinheiro.<\/p>\n<p>Alexandrino Alencar: ex-diretor da Odebrecht. Afirmou que a ex-primeira-dama Marisa Let\u00edcia, falecida em 2017, pediu a ele a reforma no s\u00edtio, e que levou o pedido a Em\u00edlio Odebrecht. Acusado de lavagem de dinheiro.<\/p>\n<p>Carlos Armando Paschoal: ex-diretor da Odebrecht em S\u00e3o Paulo. Contou que recebeu de Alexandrino Alencar a ordem para executar a reforma depois da autoriza\u00e7\u00e3o de Em\u00edlio Odebrecht. Acusado de lavagem de dinheiro.<\/p>\n<p>Emyr Diniz Costa J\u00fanior: engenheiro da Odebrecht. Foi incumbido da reforma por Carlos Armando Paschoal e disse que se reuniu com o advogado Roberto Teixeira para \u201cregularizar\u201d a obra. Acusado de lavagem de dinheiro.<\/p>\n<p>L\u00e9o Pinheiro: ex-presidente da OAS. Afirma que obteve de Lula e Marisa o pedido para reformas no s\u00edtio e que o valor foi abatido de uma \u201cconta corrente\u201d de propinas para o PT. Acusado de corrup\u00e7\u00e3o ativa e lavagem de dinheiro.<\/p>\n<p>Agenor Medeiros: ex-diretor da OAS. Acusado de corrup\u00e7\u00e3o ativa e lavagem de dinheiro.<\/p>\n<p>Paulo Gordilho: engenheiro da OAS. Teria providenciado a contrata\u00e7\u00e3o da reforma da cozinha do s\u00edtio, pagando os R$ 170.000 gastos pela OAS em esp\u00e9cie. A Pol\u00edcia Federal encontrou em seu celular uma foto em que aparece ao lado de Lula tomando cerveja no s\u00edtio. Acusado de lavagem de dinheiro.<\/p>\n<p>Jos\u00e9 Carlos Bumlai: pecuarista. Diz que a reforma no s\u00edtio foi pedida por Marisa Let\u00edcia. Segundo a acusa\u00e7\u00e3o, montou um esquema para dissimular o uso dos R$ 150.500 nas obras. Acusado de lavagem de dinheiro.<\/p>\n<p>Rog\u00e9rio Aur\u00e9lio Pimentel: ex-assessor da Presid\u00eancia da Rep\u00fablica. Teria coordenado os trabalhos de reforma no s\u00edtio. Acusado de lavagem de dinheiro.<\/p>\n<p>Roberto Teixeira: advogado e compadre de Lula. Teria se reunido com Alexandrino Alencar e Emyr Costa, da Odebrecht, para \u201cregularizar\u201d as obras feitas pela empresa no s\u00edtio, sugerindo a elabora\u00e7\u00e3o de um contrato de fachada com uma empresa subcontratada pela empreiteira. Ele nega. Acusado de lavagem de dinheiro.<\/p>\n<p>Fernando Bittar: dono do s\u00edtio. Teve notas fiscais de parte das reformas emitidas em seu nome por fornecedores \u2014 segundo o MPF, com o intuito de dissimular a origem do dinheiro usado nas obras. Acusado de lavagem de dinheiro.<\/p>\n<p><strong>O que disseram as testemunhas<\/strong><\/p>\n<p>O ex-engenheiro da Odebrecht Frederico Barbosa, que trabalhou nas obras do s\u00edtio, afirmou em depoimento que Rog\u00e9rio Aur\u00e9lio Pimentel, ex-assessor de Lula,\u00a0tinha total poder de decis\u00e3o sobre as reformas. Ele tamb\u00e9m relatou que levou oper\u00e1rios de uma outra obra da Odebrecht em S\u00e3o Paulo para trabalhar na propriedade.<\/p>\n<p>O encarregado de obras Misael de Jesus Oliveira, da OAS, afirmou que trabalhou nas reformas do s\u00edtio em 2014 e que \u201cdesde o come\u00e7o\u201d\u00a0foi orientado a manter sigilo sobre os trabalhos, j\u00e1 que a propriedade seria de Lula.<\/p>\n<p>O caseiro \u00c9lcio Pereira Vieira confirmou que Lula se encontrou com L\u00e9o Pinheiro e Paulo Gordilho no s\u00edtio em 2014,\u00a0e declarou que Marisa Let\u00edcia decidiu sobre duas reformas na propriedade: o acabamento de um banheiro e a amplia\u00e7\u00e3o de uma cozinha.<\/p>\n<p>V\u00e1rias testemunhas convocadas pela defesa de Lula disseram que o ex-presidente\u00a0cogitava comprar o s\u00edtio. Ricardo Santos, ex-seguran\u00e7a de Lula, disse ter ouvido de Marisa Let\u00edcia\u00a0que o local poderia servir para guardar o acervo presidencial.<\/p>\n<p>O im\u00f3vel foi comprado no fim de 2010, quando Lula deixava a Presid\u00eancia, por Fernando Bittar e Jonas Suassuna, s\u00f3cios dos filhos do ex-presidente. Jac\u00f3 Bittar, ex-prefeito de Campinas e pai de Fernando,\u00a0disse \u00e0 Justi\u00e7a que n\u00e3o concordava com a venda do s\u00edtio para Lula. \u201cEu sempre fui contra a venda e disse que eles poderiam usar o quanto quisessem e que isso me deixava feliz\u201d, afirmou.<\/p>\n<p><strong>Controv\u00e9rsias: pedido, ordem da reforma e Petrobras<\/strong><\/p>\n<p>A rela\u00e7\u00e3o entre as obras e o esquema de corrup\u00e7\u00e3o na Petrobras \u00e9 frequentemente questionada pela defesa de Lula. Outro r\u00e9u que rejeitou a associa\u00e7\u00e3o foi Marcelo Odebrecht.<\/p>\n<p>\u201cEssa minha rela\u00e7\u00e3o direta com Lula n\u00e3o era nos contratos da Petrobras\u201d, disse em interrogat\u00f3rio na quarta (7). \u201c\u00c9 o erro, \u00e9 o detalhe que eu discordo da den\u00fancia.\u201d<\/p>\n<p>Apesar disso, Odebrecht afirmou que sua empresa pagou uma reforma para Lula no s\u00edtio \u201cdentro de um contexto de uma rela\u00e7\u00e3o que envolvia atos que a gente sabe que \u00e9 il\u00edcito (sic)\u201d.<\/p>\n<p>Outro ponto da investiga\u00e7\u00e3o que suscita d\u00favidas \u00e9 o grau de envolvimento de Lula com as reformas. Alexandrino Alencar, ex-executivo da Odebrecht, disse que quem pediu as obras \u00e0 empresa, por interm\u00e9dio dele,\u00a0foi a ex-primeira-dama Marisa Let\u00edcia. Alencar negou ter participado de qualquer \u201cacerto\u201d direto com Lula.<\/p>\n<p>J\u00e1 Marcelo Odebrecht afirmou expressamente que \u201ccom certeza\u201d Lula\u00a0tinha ci\u00eancia de que a construtora estava bancando\u00a0os trabalhos na propriedade.<\/p>\n<p>L\u00e9o Pinheiro, ex-presidente da OAS, foi mais longe e\u00a0declarou que Lula pediu a ele diretamente a realiza\u00e7\u00e3o de reformas\u00a0em Atibaia, o que a defesa do petista classificou como \u201cafirma\u00e7\u00f5es mentirosas\u201d.<\/p>\n<p>H\u00e1 diverg\u00eancias tamb\u00e9m entre os relatos feitos por Pinheiro e Paulo Gordilho, ex-diretor da OAS Empreendimentos e que ficou encarregado de tocar as reformas bancadas pela empresa, sobre encontros com Lula para tratar das obras.<\/p>\n<p>Segundo Pinheiro, na visita ao s\u00edtio, Lula e Marisa mostraram a ele e Gordilho os servi\u00e7os que gostariam que fossem feitos na sala e na cozinha da propriedade. Depois, os dois teriam\u00a0encontrado com o casal no apartamento deles em S\u00e3o Bernardo do Campo (SP), onde Lula teria dado o aval para o in\u00edcio dos trabalhos da OAS no s\u00edtio.<\/p>\n<p>Paulo Gordilho, por sua vez, disse que quem trouxe o projeto da reforma da cozinha a Pinheiro foi Fernando Bittar. Gordilho tamb\u00e9m afirmou que \u201cquem estava resolvendo tudo era dona Marisa\u201d e que F\u00e1bio Lu\u00eds, um dos filhos de Lula, tamb\u00e9m teria participado da reuni\u00e3o no s\u00edtio.<\/p>\n<p><strong>Defesas<\/strong><\/p>\n<p>A defesa de Lula afirma que a vincula\u00e7\u00e3o do ex-presidente a crimes na Petrobras \u201c\u00e9 totalmente descabida e somente foi constru\u00edda para submet\u00ea-lo a processos e condena\u00e7\u00f5es pr\u00e9-estabelecidas no \u00e2mbito da Lava Jato de Curitiba.\u201d<\/p>\n<p>Todos os r\u00e9us ligados \u00e0 Odebrecht t\u00eam acordo de dela\u00e7\u00e3o premiada. Em linhas gerais, eles assumem que autorizaram a reforma, providenciaram recursos de caixa 2 para as obras e trabalharam na sua execu\u00e7\u00e3o.<\/p>\n<p>No entanto, alguns deles fazem ressalvas \u00e0 acusa\u00e7\u00e3o. Em documentos protocolados no processo, os advogados de Emyr Diniz Costa J\u00fanior e Carlos Armando Paschoal afirmam que o envolvimento de seus clientes no caso n\u00e3o pode ser enquadrado como lavagem de dinheiro, e pedem suas absolvi\u00e7\u00f5es.<\/p>\n<p>A suposta aus\u00eancia de elementos para enquadrar os acusados no crime de lavagem de dinheiro tamb\u00e9m \u00e9 citada pelos advogados de Paulo Gordilho, Rog\u00e9rio Aur\u00e9lio Pimentel, Fernando Bittar e Jos\u00e9 Carlos Bumlai. A defesa de Bittar diz ainda que as obras no s\u00edtio foram feitas a pedido de Marisa Let\u00edcia, com autoriza\u00e7\u00e3o dele.<\/p>\n<p>A defesa de L\u00e9o Pinheiro n\u00e3o se manifestou at\u00e9 o fechamento desta reportagem.<\/p>\n<p>A defesa de Agenor Medeiros diz que os acertos de propina da OAS para o PT eram tratados apenas por L\u00e9o Pinheiro, e pede a absolvi\u00e7\u00e3o de seu cliente. Os advogados questionam o fato de o MPF atrelar a propina paga nos contratos citados pela acusa\u00e7\u00e3o ao mesmo tempo em que cita a exist\u00eancia de um \u201ccaixa geral de propinas\u201d para o PT.<\/p>\n<p>A defesa de Roberto Teixeira diz que ele \u201cjamais \u2018prop\u00f4s\u2019 confec\u00e7\u00e3o de contratos fict\u00edcios\u201d, nem \u201c\u2018solicitou\u2019 emiss\u00e3o de documentos com inclus\u00e3o de informa\u00e7\u00f5es inver\u00eddicas, como descrito na den\u00fancia\u201d, e que as condutas imputadas a ele n\u00e3o podem ser configuradas como crimes.<\/p>\n<p>UOL<\/p>\n","protected":false},"excerpt":{"rendered":"<p>Nesta quarta-feira (14), o ex-presidente Luiz In\u00e1cio Lula da Silva (PT) ser\u00e1 interrogado em Curitiba pela ju\u00edza federal Gabriela Hardt, substituta de Sergio Moro, como&hellip; <\/p>\n","protected":false},"author":1,"featured_media":46477,"comment_status":"closed","ping_status":"closed","sticky":false,"template":"","format":"standard","meta":{"sfsi_plus_gutenberg_text_before_share":"","sfsi_plus_gutenberg_show_text_before_share":"","sfsi_plus_gutenberg_icon_type":"","sfsi_plus_gutenberg_icon_alignemt":"","sfsi_plus_gutenburg_max_per_row":"","footnotes":""},"categories":[11],"tags":[],"class_list":["post-72764","post","type-post","status-publish","format-standard","has-post-thumbnail","hentry","category-politica"],"_links":{"self":[{"href":"https:\/\/www.caririemacao.com\/1\/wp-json\/wp\/v2\/posts\/72764","targetHints":{"allow":["GET"]}}],"collection":[{"href":"https:\/\/www.caririemacao.com\/1\/wp-json\/wp\/v2\/posts"}],"about":[{"href":"https:\/\/www.caririemacao.com\/1\/wp-json\/wp\/v2\/types\/post"}],"author":[{"embeddable":true,"href":"https:\/\/www.caririemacao.com\/1\/wp-json\/wp\/v2\/users\/1"}],"replies":[{"embeddable":true,"href":"https:\/\/www.caririemacao.com\/1\/wp-json\/wp\/v2\/comments?post=72764"}],"version-history":[{"count":1,"href":"https:\/\/www.caririemacao.com\/1\/wp-json\/wp\/v2\/posts\/72764\/revisions"}],"predecessor-version":[{"id":72765,"href":"https:\/\/www.caririemacao.com\/1\/wp-json\/wp\/v2\/posts\/72764\/revisions\/72765"}],"wp:featuredmedia":[{"embeddable":true,"href":"https:\/\/www.caririemacao.com\/1\/wp-json\/wp\/v2\/media\/46477"}],"wp:attachment":[{"href":"https:\/\/www.caririemacao.com\/1\/wp-json\/wp\/v2\/media?parent=72764"}],"wp:term":[{"taxonomy":"category","embeddable":true,"href":"https:\/\/www.caririemacao.com\/1\/wp-json\/wp\/v2\/categories?post=72764"},{"taxonomy":"post_tag","embeddable":true,"href":"https:\/\/www.caririemacao.com\/1\/wp-json\/wp\/v2\/tags?post=72764"}],"curies":[{"name":"wp","href":"https:\/\/api.w.org\/{rel}","templated":true}]}}