{"id":72766,"date":"2018-11-13T13:51:11","date_gmt":"2018-11-13T16:51:11","guid":{"rendered":"http:\/\/www.caririemacao.com\/1\/?p=72766"},"modified":"2018-11-13T13:51:11","modified_gmt":"2018-11-13T16:51:11","slug":"colisao-entre-carro-e-moto-deixa-homem-ferido-entre-serra-branca-e-sume","status":"publish","type":"post","link":"https:\/\/www.caririemacao.com\/1\/2018\/11\/13\/colisao-entre-carro-e-moto-deixa-homem-ferido-entre-serra-branca-e-sume\/","title":{"rendered":"Colis\u00e3o entre carro e moto deixa homem ferido entre Serra Branca e Sum\u00e9"},"content":{"rendered":"<p>Por volta das 19hrs desta segunda-feira (12), um acidente deixou um motoqueiro ferido na BR 412. O acidente se deu pr\u00f3ximo ao Bar da Cabrita, entre o distrito de Santa Luzia do Cariri e Sum\u00e9, e foi fruto de uma colis\u00e3o entre um carro e uma motocicleta.<\/p>\n<p>O carro era conduzido pelo jovem Rafael Odon de Serra Branca e a moto por Jo\u00e3o Paulo, natural de Gurj\u00e3o e funcion\u00e1rio do CredAmigo em Sum\u00e9.<\/p>\n<p>At\u00e9 o fechamento desta mat\u00e9ria, a pol\u00edcia ainda n\u00e3o tinha conclu\u00eddo as reais causas da colis\u00e3o, mas Rafael Odon, que prestou socorro \u00e0 v\u00edtima, disse em depoimento \u00e0 delegacia que o motoqueiro entrou de vez na pista.<\/p>\n<p>Jo\u00e3o Paulo quebrou a perna e foi conduzido ao Hospital Ant\u00f4nio Targino.<\/p>\n<p><strong>A vers\u00e3o da v\u00edtima<\/strong><\/p>\n<p>O jovem Jo\u00e3o Paulo, natural de Gurj\u00e3o, procurou j\u00e1 na manh\u00e3 desta ter\u00e7a-feira (13) e informou sua vers\u00e3o. Ele negou completamente o que foi dito pelo motorista do ve\u00edculo e disse que estava em sua m\u00e3o, voltando do trabalho, quando foi atingido em cheio por tr\u00e1s. Ele disse que Rafael n\u00e3o prestou socorro e ficou apenas bastante alterado h\u00e1 cerca de 500 metros do local onde ele estava.<\/p>\n<p>Jo\u00e3o Paulo ainda negou que estivesse com os far\u00f3is desligados, pois \u00e9 uma exig\u00eancia do local em que trabalha, o Banco do Nordeste, que a moto esteja com todas as condi\u00e7\u00f5es de seguran\u00e7a.<\/p>\n<p>&nbsp;<\/p>\n<p>De Olho no Cariri<\/p>\n","protected":false},"excerpt":{"rendered":"<p>Por volta das 19hrs desta segunda-feira (12), um acidente deixou um motoqueiro ferido na BR 412. O acidente se deu pr\u00f3ximo ao Bar da Cabrita,&hellip; <\/p>\n","protected":false},"author":1,"featured_media":40263,"comment_status":"closed","ping_status":"closed","sticky":false,"template":"","format":"standard","meta":{"sfsi_plus_gutenberg_text_before_share":"","sfsi_plus_gutenberg_show_text_before_share":"","sfsi_plus_gutenberg_icon_type":"","sfsi_plus_gutenberg_icon_alignemt":"","sfsi_plus_gutenburg_max_per_row":"","footnotes":""},"categories":[12],"tags":[],"class_list":["post-72766","post","type-post","status-publish","format-standard","has-post-thumbnail","hentry","category-policia"],"_links":{"self":[{"href":"https:\/\/www.caririemacao.com\/1\/wp-json\/wp\/v2\/posts\/72766","targetHints":{"allow":["GET"]}}],"collection":[{"href":"https:\/\/www.caririemacao.com\/1\/wp-json\/wp\/v2\/posts"}],"about":[{"href":"https:\/\/www.caririemacao.com\/1\/wp-json\/wp\/v2\/types\/post"}],"author":[{"embeddable":true,"href":"https:\/\/www.caririemacao.com\/1\/wp-json\/wp\/v2\/users\/1"}],"replies":[{"embeddable":true,"href":"https:\/\/www.caririemacao.com\/1\/wp-json\/wp\/v2\/comments?post=72766"}],"version-history":[{"count":1,"href":"https:\/\/www.caririemacao.com\/1\/wp-json\/wp\/v2\/posts\/72766\/revisions"}],"predecessor-version":[{"id":72767,"href":"https:\/\/www.caririemacao.com\/1\/wp-json\/wp\/v2\/posts\/72766\/revisions\/72767"}],"wp:featuredmedia":[{"embeddable":true,"href":"https:\/\/www.caririemacao.com\/1\/wp-json\/wp\/v2\/media\/40263"}],"wp:attachment":[{"href":"https:\/\/www.caririemacao.com\/1\/wp-json\/wp\/v2\/media?parent=72766"}],"wp:term":[{"taxonomy":"category","embeddable":true,"href":"https:\/\/www.caririemacao.com\/1\/wp-json\/wp\/v2\/categories?post=72766"},{"taxonomy":"post_tag","embeddable":true,"href":"https:\/\/www.caririemacao.com\/1\/wp-json\/wp\/v2\/tags?post=72766"}],"curies":[{"name":"wp","href":"https:\/\/api.w.org\/{rel}","templated":true}]}}