{"id":72769,"date":"2018-11-13T13:59:55","date_gmt":"2018-11-13T16:59:55","guid":{"rendered":"http:\/\/www.caririemacao.com\/1\/?p=72769"},"modified":"2018-11-13T13:59:55","modified_gmt":"2018-11-13T16:59:55","slug":"adriano-confirma-candidatura-a-presidencia-da-alpb-darei-governabilidade-a-joao","status":"publish","type":"post","link":"https:\/\/www.caririemacao.com\/1\/2018\/11\/13\/adriano-confirma-candidatura-a-presidencia-da-alpb-darei-governabilidade-a-joao\/","title":{"rendered":"Adriano confirma candidatura \u00e0 presid\u00eancia da ALPB: &#8216;darei governabilidade a Jo\u00e3o&#8217;"},"content":{"rendered":"<div class=\"noticiacorpo\">\n<p>Nesta ter\u00e7a-feira (13), o deputado estadual reeleito Adriano Galdino (PSB) confirmou sua candidatura ao cargo de presidente da Assembleia Legislativa da Para\u00edba (ALPB). A ratifica\u00e7\u00e3o vem um dia depois do parlamentar conversar com o governador Ricardo Coutinho (PSB).<\/p>\n<p>\u201cEu sempre disse que s\u00f3 colocaria meu nome depois de conversar com os dois governadores. J\u00e1 havia falado com o governador eleito Jo\u00e3o Azev\u00eado (PSB), com Ricardo ontem e hoje estou fazendo esse an\u00fancio\u201d, declarou.<\/p>\n<p>Em entrevista concedida ao programa Arapuan Verdade, Galdino revelou o tom do di\u00e1logo com o administrador paraibano: \u201cfoi uma conversa franca, de dois parceiros que tem objetivos comum, que \u00e9 construir uma Para\u00edba melhor e mais justa para a popula\u00e7\u00e3o\u201d.<\/p>\n<p>Caso seja eleito, Adriano prometeu focar em dar governabilidade e tranquilidade a Azev\u00eado: \u201ccomo eu fiz com Ricardo. Disso isso respeitando as diverg\u00eancias, pois sei que nem todos concordam com a minha indica\u00e7\u00e3o, mas o processo todo deve ser conduzido por Coutinho\u201d.<\/p>\n<\/div>\n<p class=\"noticia_fonte\">\n<strong>Yves Feitosa<\/strong><\/p>\n","protected":false},"excerpt":{"rendered":"<p>Nesta ter\u00e7a-feira (13), o deputado estadual reeleito Adriano Galdino (PSB) confirmou sua candidatura ao cargo de presidente da Assembleia Legislativa da Para\u00edba (ALPB). A ratifica\u00e7\u00e3o&hellip; <\/p>\n","protected":false},"author":1,"featured_media":54261,"comment_status":"closed","ping_status":"closed","sticky":false,"template":"","format":"standard","meta":{"sfsi_plus_gutenberg_text_before_share":"","sfsi_plus_gutenberg_show_text_before_share":"","sfsi_plus_gutenberg_icon_type":"","sfsi_plus_gutenberg_icon_alignemt":"","sfsi_plus_gutenburg_max_per_row":"","footnotes":""},"categories":[11],"tags":[],"class_list":["post-72769","post","type-post","status-publish","format-standard","has-post-thumbnail","hentry","category-politica"],"_links":{"self":[{"href":"https:\/\/www.caririemacao.com\/1\/wp-json\/wp\/v2\/posts\/72769","targetHints":{"allow":["GET"]}}],"collection":[{"href":"https:\/\/www.caririemacao.com\/1\/wp-json\/wp\/v2\/posts"}],"about":[{"href":"https:\/\/www.caririemacao.com\/1\/wp-json\/wp\/v2\/types\/post"}],"author":[{"embeddable":true,"href":"https:\/\/www.caririemacao.com\/1\/wp-json\/wp\/v2\/users\/1"}],"replies":[{"embeddable":true,"href":"https:\/\/www.caririemacao.com\/1\/wp-json\/wp\/v2\/comments?post=72769"}],"version-history":[{"count":1,"href":"https:\/\/www.caririemacao.com\/1\/wp-json\/wp\/v2\/posts\/72769\/revisions"}],"predecessor-version":[{"id":72770,"href":"https:\/\/www.caririemacao.com\/1\/wp-json\/wp\/v2\/posts\/72769\/revisions\/72770"}],"wp:featuredmedia":[{"embeddable":true,"href":"https:\/\/www.caririemacao.com\/1\/wp-json\/wp\/v2\/media\/54261"}],"wp:attachment":[{"href":"https:\/\/www.caririemacao.com\/1\/wp-json\/wp\/v2\/media?parent=72769"}],"wp:term":[{"taxonomy":"category","embeddable":true,"href":"https:\/\/www.caririemacao.com\/1\/wp-json\/wp\/v2\/categories?post=72769"},{"taxonomy":"post_tag","embeddable":true,"href":"https:\/\/www.caririemacao.com\/1\/wp-json\/wp\/v2\/tags?post=72769"}],"curies":[{"name":"wp","href":"https:\/\/api.w.org\/{rel}","templated":true}]}}