{"id":72771,"date":"2018-11-13T14:07:05","date_gmt":"2018-11-13T17:07:05","guid":{"rendered":"http:\/\/www.caririemacao.com\/1\/?p=72771"},"modified":"2018-11-13T14:07:05","modified_gmt":"2018-11-13T17:07:05","slug":"fora-do-g-6-santos-perde-para-chapecoense-no-pacaembu-e-cai-na-tabela","status":"publish","type":"post","link":"https:\/\/www.caririemacao.com\/1\/2018\/11\/13\/fora-do-g-6-santos-perde-para-chapecoense-no-pacaembu-e-cai-na-tabela\/","title":{"rendered":"Fora do G-6, Santos perde para Chapecoense no Pacaembu e cai na tabela"},"content":{"rendered":"<div class=\"noticiacorpo\">\n<div id=\"texto\">\n<p>O\u00a0<strong>Santos<\/strong>\u00a0perdeu para a\u00a0<strong>Chapecoense\u00a0<\/strong>por 1 a 0 nesta segunda-feira, no Pacaembu, em jogo v\u00e1lido pela 33\u00aa rodada do\u00a0<strong>Campeonato Brasileiro<\/strong>, e perdeu a oportunidade de entrar no G-6, grupo que d\u00e1 vaga na Copa Libertadores de 2019. Com a derrota, a equipe santista caiu uma posi\u00e7\u00e3o, para o oitavo lugar, com 46 pontos, mesmo n\u00famero do\u00a0<strong>Atl\u00e9tico-PR<\/strong>, o s\u00e9timo, que tem uma vit\u00f3ria a mais na competi\u00e7\u00e3o. Mesmo com o trope\u00e7o, o alvinegro praiano se mant\u00e9m apenas a um ponto do\u00a0<strong>Atl\u00e9tico-MG<\/strong>, \u00faltimo entre os seis classificados para a Libertadores.<\/p>\n<p>Vale ressaltar que o Santos entrou em campo com sete desfalques: os zagueiros Luiz Felipe e Lucas Ver\u00edssimo, lesionados, o lateral Victor Ferraz, o volante Diego Pituca e o atacante Gabriel Barbosa, suspensos, al\u00e9m de Robson Bambu, que encerrou seu contrato com o clube paulista no \u00faltimo s\u00e1bado, e Rodrygo, que gripado, iniciou no banco de reservas e foi uma das substitui\u00e7\u00f5es de Cuca j\u00e1 no intervalo.<\/p>\n<p>A Chapecoense, por sua vez, deixa a 19\u00ba coloca\u00e7\u00e3o para a 17\u00aa, com 37 pontos, mesmo n\u00famero do Sport, primeira equipe fora da zona do rebaixamento. O time pernambucano se mant\u00e9m fora do Z-4 por conta de uma vit\u00f3ria a mais, dez contra nove da Chape. Essa foi a segunda vit\u00f3ria em quatro partidas desde a chegada do t\u00e9cnico Claudinei Oliveira.<\/p>\n<p>A equipe do t\u00e9cnico Cuca volta a jogar j\u00e1 nesta quinta-feira (15), diante do Flamengo, \u00e0s 17h (de Bras\u00edlia), no Maracan\u00e3. A Chapecoense recebe o Botafogo no mesmo dia, tamb\u00e9m \u00e0s 17h, na Arena Cond\u00e1.<\/p>\n<h3>O melhor em campo: Leandro Pereira faz gol e d\u00e1 muito trabalho<\/h3>\n<p>Leandro Pereira foi o atacante mais perigoso em campo. Al\u00e9m do gol da vit\u00f3ria da Chape, ele fez Vanderlei trabalhar em outros lances perigosos. Em um deles, o goleiro precisou espalmar um chute forte de fora da \u00e1rea.<\/p>\n<h3>Vanderlei fica indeciso e falha no gol da Chape<\/h3>\n<p>Ap\u00f3s falhar na derrota contra o Palmeiras, o goleiro Vanderlei tamb\u00e9m errou no gol da vit\u00f3ria da Chapecoense. Ap\u00f3s escanteio cobrado por Canteros, o goleiro ficou indeciso ao sair do gol e a bola ficou livre, ap\u00f3s desvio de Gustavo Henrique, para Leandro Pereira, com os p\u00e9s, abrir o marcador no primeiro tempo. Antes do gol, o \u00eddolo santista j\u00e1 havia falhado em uma sa\u00edda de bola ap\u00f3s cobran\u00e7a de falta, mas a Chapecoense n\u00e3o aproveitou.<\/p>\n<h3>Alison de zagueiro: &#8220;muito perigoso&#8221;<\/h3>\n<p>O zagueiro Alison se mostrou &#8220;perigoso&#8221; para a fun\u00e7\u00e3o de zagueiro. O volante, al\u00e9m de prejudicar o time na sa\u00edda de jogo, fez faltas perigosas pr\u00f3ximas da \u00e1rea. Uma delas, ali\u00e1s, ocorreu aos cinco minutos, quando ele chegou atrasado e deu &#8220;carrinho&#8221; em Doffo. A Chapecoense pediu cart\u00e3o para o camisa 5, mas o juiz n\u00e3o deu. Na cobran\u00e7a de falta, Vanderlei falhou e os visitantes quase abriram o marcador. No segundo tempo n\u00e3o teve jeito: Alison recebeu o cart\u00e3o amarelo e correu riscos de levar o vermelho.<\/p>\n<h3>Chape foi melhor no 1\u00ba tempo e venceu no contra-ataque<\/h3>\n<p>Aos 20 minutos, o Santos cedeu o primeiro contra-ataque perigoso da Chapecoense. Leandro Pereira, ex-Palmeiras, chutou de fora da \u00e1rea e Vanderlei espalmou. No rebote, o atacante Doffo chutou pra fora, mas j\u00e1 estava em posi\u00e7\u00e3o de impedimento. A Chape ainda teve mais dois lances de perigo e marcou aos 28 minutos da primeira etapa.<\/p>\n<h3>Cuca coloca Rodrygo e joga com 3 zagueiros no 2\u00ba tempo<\/h3>\n<p>Cuca recuou Dod\u00f4 na zaga ao lado de Alison e Gustavo Henrique, com a entrada de Rodrygo na vaga de Daniel Guedes no intervalo. Com isso, Copete atuou como ala, pelo lado esquerdo, e Derlis na direita. Sasha, Rodrygo e Arthur Gomes formaram o ataque. Depois o treinador colocou Bruno Henrique no lugar de Copete. Mesmo assim n\u00e3o deu para empatar.<\/p>\n<h3>Novembro Azul: Santos estreia camisa que adere campanha<\/h3>\n<p>O Santos entrou em campo aderindo a campanha do &#8220;Novembro Azul&#8221;, que refor\u00e7a a preven\u00e7\u00e3o contra o c\u00e2ncer de pr\u00f3stata. Para isso, a equipe santista jogar\u00e1 com o n\u00famero das camisas e o nome dos jogadores na cor azul durante este m\u00eas. A estreia ocorreu contra a Chape nesta segunda-feira.<\/p>\n<p><strong>FICHA T\u00c9CNICA<\/strong><\/p>\n<p><strong>Santos 0 x 1 Chapecoense<\/strong><\/p>\n<p><strong>Data<\/strong>: 12 de novembro de 2018, s\u00e1bado<br \/>\n<strong>Local<\/strong>: Est\u00e1dio Paulo Machado de Carvalho (Pacaembu), em S\u00e3o Paulo (SP)<br \/>\n<strong>Hor\u00e1rio:<\/strong>\u00a020h (de Bras\u00edlia)<br \/>\n<strong>\u00c1rbitro:<\/strong>\u00a0Rafael Traci (PR)<br \/>\n<strong>Assistentes:<\/strong>\u00a0Ivan Carlos Bohn e Rafael Trombeta (ambos do PR)<\/p>\n<p><strong>Gol:<\/strong>\u00a0Leandro Pereira aos 28 minutos do primeiro tempo (Chapecoense)<\/p>\n<p><strong>Cart\u00f5es amarelos<\/strong>: Alison e Yuri (Santos)<\/p>\n<p><strong>Santos:<\/strong>\u00a0Vanderlei; Daniel Guedes (Rodrygo), Alison, Gustavo Henrique e Dod\u00f4; Yuri, Carlos S\u00e1nchez e Bryan Ruiz (Arthur Gomes); Derlis Gonz\u00e1lez, Copete (Bruno Henrique) e Eduardo Sasha. T\u00e9cnico: Cuca.<\/p>\n<p><strong>Chapecoense:\u00a0<\/strong>Jandrei; Eduardo, Fabricio Bruno, Douglas e Bruno Pacheco; Amaral, M\u00e1rcio Araujo e Canteros (Elicarlos); Doffo (Vinicius), Wellington Paulista e Leandro Pereira. T\u00e9cnico: Claudinei Oliveira.<\/p>\n<\/div>\n<div class=\"modulos-rodape\"><\/div>\n<\/div>\n<p class=\"noticia_fonte\">UOL<\/p>\n","protected":false},"excerpt":{"rendered":"<p>O\u00a0Santos\u00a0perdeu para a\u00a0Chapecoense\u00a0por 1 a 0 nesta segunda-feira, no Pacaembu, em jogo v\u00e1lido pela 33\u00aa rodada do\u00a0Campeonato Brasileiro, e perdeu a oportunidade de entrar no&hellip; <\/p>\n","protected":false},"author":1,"featured_media":72772,"comment_status":"closed","ping_status":"closed","sticky":false,"template":"","format":"standard","meta":{"sfsi_plus_gutenberg_text_before_share":"","sfsi_plus_gutenberg_show_text_before_share":"","sfsi_plus_gutenberg_icon_type":"","sfsi_plus_gutenberg_icon_alignemt":"","sfsi_plus_gutenburg_max_per_row":"","footnotes":""},"categories":[13],"tags":[],"class_list":["post-72771","post","type-post","status-publish","format-standard","has-post-thumbnail","hentry","category-esportes"],"_links":{"self":[{"href":"https:\/\/www.caririemacao.com\/1\/wp-json\/wp\/v2\/posts\/72771","targetHints":{"allow":["GET"]}}],"collection":[{"href":"https:\/\/www.caririemacao.com\/1\/wp-json\/wp\/v2\/posts"}],"about":[{"href":"https:\/\/www.caririemacao.com\/1\/wp-json\/wp\/v2\/types\/post"}],"author":[{"embeddable":true,"href":"https:\/\/www.caririemacao.com\/1\/wp-json\/wp\/v2\/users\/1"}],"replies":[{"embeddable":true,"href":"https:\/\/www.caririemacao.com\/1\/wp-json\/wp\/v2\/comments?post=72771"}],"version-history":[{"count":1,"href":"https:\/\/www.caririemacao.com\/1\/wp-json\/wp\/v2\/posts\/72771\/revisions"}],"predecessor-version":[{"id":72773,"href":"https:\/\/www.caririemacao.com\/1\/wp-json\/wp\/v2\/posts\/72771\/revisions\/72773"}],"wp:featuredmedia":[{"embeddable":true,"href":"https:\/\/www.caririemacao.com\/1\/wp-json\/wp\/v2\/media\/72772"}],"wp:attachment":[{"href":"https:\/\/www.caririemacao.com\/1\/wp-json\/wp\/v2\/media?parent=72771"}],"wp:term":[{"taxonomy":"category","embeddable":true,"href":"https:\/\/www.caririemacao.com\/1\/wp-json\/wp\/v2\/categories?post=72771"},{"taxonomy":"post_tag","embeddable":true,"href":"https:\/\/www.caririemacao.com\/1\/wp-json\/wp\/v2\/tags?post=72771"}],"curies":[{"name":"wp","href":"https:\/\/api.w.org\/{rel}","templated":true}]}}