{"id":72774,"date":"2018-11-13T14:11:20","date_gmt":"2018-11-13T17:11:20","guid":{"rendered":"http:\/\/www.caririemacao.com\/1\/?p=72774"},"modified":"2018-11-13T14:11:20","modified_gmt":"2018-11-13T17:11:20","slug":"neymar-100-numero-no-bone-da-selecao-do-craque-e-dificil-ate-para-a-cbf-explicar","status":"publish","type":"post","link":"https:\/\/www.caririemacao.com\/1\/2018\/11\/13\/neymar-100-numero-no-bone-da-selecao-do-craque-e-dificil-ate-para-a-cbf-explicar\/","title":{"rendered":"Neymar 100: n\u00famero no bon\u00e9 da Sele\u00e7\u00e3o do craque \u00e9 dif\u00edcil at\u00e9 para a CBF explicar"},"content":{"rendered":"<div class=\"mc-column content-text active-extra-styles active-capital-letter\" data-block-type=\"unstyled\" data-block-weight=\"46\" data-block-id=\"1\">\n<p class=\"content-text__container theme-color-primary-first-letter\" data-track-category=\"Link no Texto\">Neymar deixou o hotel da\u00a0<a href=\"https:\/\/globoesporte.globo.com\/futebol\/selecao-brasileira\/\">sele\u00e7\u00e3o brasileira<\/a>\u00a0em St. Albans, norte de Londres, rumo ao primeiro treino da semana usando um bon\u00e9 com o n\u00famero 100 ao lado de seu nome. \u00c9 o s\u00edmbolo de uma marca que at\u00e9 a pr\u00f3pria CBF tem dificuldade de explicar.<\/p>\n<\/div>\n<div class=\"wall protected-content\">\n<div class=\"mc-column content-media content-video\" data-block-type=\"backstage-video\" data-block-id=\"2\">\n<p class=\"content-media__description\">Neymar deixa hotel para treinar com a Sele\u00e7\u00e3o Brasileira.<\/p>\n<\/div>\n<div class=\"mc-column content-text active-extra-styles \" data-block-type=\"unstyled\" data-block-weight=\"42\" data-block-id=\"4\">\n<p class=\"content-text__container \" data-track-category=\"Link no Texto\">Tradicionalmente, os jogadores da Sele\u00e7\u00e3o recebem bon\u00e9s com seus nomes acompanhados do n\u00famero de convoca\u00e7\u00f5es. S\u00f3 que \u201cconvoca\u00e7\u00f5es\u201d n\u00e3o significa nem o n\u00famero de vezes em que o t\u00e9cnico o chamou para defender a equipe, tampouco a quantidade de atua\u00e7\u00f5es do atleta.<\/p>\n<\/div>\n<div class=\"mc-column content-text active-extra-styles \" data-block-type=\"unstyled\" data-block-weight=\"35\" data-block-id=\"5\">\n<p class=\"content-text__container \" data-track-category=\"Link no Texto\">O \u201c100\u201d no bon\u00e9 de Neymar indica que nessa rodada de amistosos, contra Uruguai e Camar\u00f5es, ele ser\u00e1 pela cent\u00e9sima vez relacionado para um jogo da Sele\u00e7\u00e3o. Calma, que n\u00e3o \u00e9 t\u00e3o simples quanto parece.<\/p>\n<div class=\"noticiacorpo\">\n<div class=\"wall protected-content\">\n<div class=\"mc-column content-text active-extra-styles \" data-block-type=\"unstyled\" data-block-weight=\"53\" data-block-id=\"8\">\n<p class=\"content-text__container \" data-track-category=\"Link no Texto\">E se Neymar se machucar entre um jogo e outro? E se, por alguma outra raz\u00e3o, ele n\u00e3o puder disputar a segunda partida marcada para o per\u00edodo? Isso j\u00e1 aconteceu, por exemplo, em mar\u00e7o de 2016. Neymar recebeu cart\u00e3o amarelo contra o Uruguai e ficou suspenso, n\u00e3o p\u00f4de enfrentar o Paraguai, dias depois.<\/p>\n<\/div>\n<div class=\"mc-column content-text active-extra-styles \" data-block-type=\"unstyled\" data-block-weight=\"41\" data-block-id=\"9\">\n<p class=\"content-text__container \" data-track-category=\"Link no Texto\">Na Copa do Mundo de 2014, quando Neymar, lesionado, n\u00e3o p\u00f4de participar dos \u00faltimos dois jogos, contra Alemanha e Holanda. Na Copa Am\u00e9rica de 2015, expulso e suspenso pela Conmebol, tamb\u00e9m ficou ausente das partidas finais, diante de Venezuela e Paraguai.<picture><img decoding=\"async\" class=\"image content-media__image progressive-loaded\" title=\"Neymar cumprimenta Filipe Lu\u00eds na chegada \u00e0 sele\u00e7\u00e3o brasileira \u2014 Foto: Lucas Figueiredo\/CBF\" src=\"https:\/\/s2.glbimg.com\/9ZQi8WWRmVw6s9myiotfM9nXIgo=\/0x0:2048x1365\/984x0\/smart\/filters:strip_icc()\/i.s3.glbimg.com\/v1\/AUTH_bc8228b6673f488aa253bbcb03c80ec5\/internal_photos\/bs\/2018\/E\/B\/kQWJilTgCL6nPIBQuBOA\/45794568532-8822662c1b-k.jpg\" alt=\"Neymar cumprimenta Filipe Lu\u00eds na chegada \u00e0 sele\u00e7\u00e3o brasileira \u2014 Foto: Lucas Figueiredo\/CBF\" data-src=\"https:\/\/s2.glbimg.com\/9ZQi8WWRmVw6s9myiotfM9nXIgo=\/0x0:2048x1365\/984x0\/smart\/filters:strip_icc()\/i.s3.glbimg.com\/v1\/AUTH_bc8228b6673f488aa253bbcb03c80ec5\/internal_photos\/bs\/2018\/E\/B\/kQWJilTgCL6nPIBQuBOA\/45794568532-8822662c1b-k.jpg\" \/>Neymar cumprimenta Filipe Lu\u00eds na chegada \u00e0 sele\u00e7\u00e3o brasileira \u2014 Foto: Lucas Figueiredo\/CBF<\/picture><\/p>\n<\/div>\n<div data-track-category=\"fim do conteudo\" data-track-action=\"ultimo chunk conteudo\" data-track-noninteraction=\"false\" data-track-scroll=\"entrada completa viewport\">\n<div class=\"mc-column content-text active-extra-styles \" data-block-type=\"unstyled\" data-block-weight=\"62\" data-block-id=\"11\">\n<p class=\"content-text__container \" data-track-category=\"Link no Texto\">Nesses casos, contam quantas convoca\u00e7\u00f5es para? A explica\u00e7\u00e3o \u00e9 t\u00e3o complexa que h\u00e1 quem defenda, na CBF, que os bon\u00e9s passem a ser feitos com o n\u00famero de jogos, absoluto e incontest\u00e1vel. Neymar tem 94 pela sele\u00e7\u00e3o principal. Nesta sexta-feira, quando pisar no gramado contra o Uruguai, ter\u00e1 95 \u2013 s\u00e3o 59 gols, atr\u00e1s de Pel\u00e9 (95), Ronaldo (67) e Zico (66).<\/p>\n<\/div>\n<\/div>\n<\/div>\n<\/div>\n<p class=\"noticia_fonte\">Globo Esporte<\/p>\n<\/div>\n<\/div>\n","protected":false},"excerpt":{"rendered":"<p>Neymar deixou o hotel da\u00a0sele\u00e7\u00e3o brasileira\u00a0em St. Albans, norte de Londres, rumo ao primeiro treino da semana usando um bon\u00e9 com o n\u00famero 100 ao&hellip; <\/p>\n","protected":false},"author":1,"featured_media":72775,"comment_status":"closed","ping_status":"closed","sticky":false,"template":"","format":"standard","meta":{"sfsi_plus_gutenberg_text_before_share":"","sfsi_plus_gutenberg_show_text_before_share":"","sfsi_plus_gutenberg_icon_type":"","sfsi_plus_gutenberg_icon_alignemt":"","sfsi_plus_gutenburg_max_per_row":"","footnotes":""},"categories":[13],"tags":[],"class_list":["post-72774","post","type-post","status-publish","format-standard","has-post-thumbnail","hentry","category-esportes"],"_links":{"self":[{"href":"https:\/\/www.caririemacao.com\/1\/wp-json\/wp\/v2\/posts\/72774","targetHints":{"allow":["GET"]}}],"collection":[{"href":"https:\/\/www.caririemacao.com\/1\/wp-json\/wp\/v2\/posts"}],"about":[{"href":"https:\/\/www.caririemacao.com\/1\/wp-json\/wp\/v2\/types\/post"}],"author":[{"embeddable":true,"href":"https:\/\/www.caririemacao.com\/1\/wp-json\/wp\/v2\/users\/1"}],"replies":[{"embeddable":true,"href":"https:\/\/www.caririemacao.com\/1\/wp-json\/wp\/v2\/comments?post=72774"}],"version-history":[{"count":1,"href":"https:\/\/www.caririemacao.com\/1\/wp-json\/wp\/v2\/posts\/72774\/revisions"}],"predecessor-version":[{"id":72776,"href":"https:\/\/www.caririemacao.com\/1\/wp-json\/wp\/v2\/posts\/72774\/revisions\/72776"}],"wp:featuredmedia":[{"embeddable":true,"href":"https:\/\/www.caririemacao.com\/1\/wp-json\/wp\/v2\/media\/72775"}],"wp:attachment":[{"href":"https:\/\/www.caririemacao.com\/1\/wp-json\/wp\/v2\/media?parent=72774"}],"wp:term":[{"taxonomy":"category","embeddable":true,"href":"https:\/\/www.caririemacao.com\/1\/wp-json\/wp\/v2\/categories?post=72774"},{"taxonomy":"post_tag","embeddable":true,"href":"https:\/\/www.caririemacao.com\/1\/wp-json\/wp\/v2\/tags?post=72774"}],"curies":[{"name":"wp","href":"https:\/\/api.w.org\/{rel}","templated":true}]}}