{"id":72781,"date":"2018-11-13T14:33:19","date_gmt":"2018-11-13T17:33:19","guid":{"rendered":"http:\/\/www.caririemacao.com\/1\/?p=72781"},"modified":"2018-11-13T14:33:19","modified_gmt":"2018-11-13T17:33:19","slug":"prefeita-anna-lorena-transmite-cargo-ao-vice-celecileno-para-cumprir-missao-internacional","status":"publish","type":"post","link":"https:\/\/www.caririemacao.com\/1\/2018\/11\/13\/prefeita-anna-lorena-transmite-cargo-ao-vice-celecileno-para-cumprir-missao-internacional\/","title":{"rendered":"Prefeita Anna Lorena transmite cargo ao vice Celecileno para cumprir miss\u00e3o internacional"},"content":{"rendered":"<p>A prefeita de Monteiro Anna Lorena transmitiu oficialmente o cargo para o vice-prefeito Celecileno Alves na manh\u00e3 desta ter\u00e7a feira, 13.<\/p>\n<p>A cerim\u00f4nia contou com a participa\u00e7\u00e3o de todos os secret\u00e1rios municipais e secret\u00e1rios executivos do munic\u00edpio, al\u00e9m do representante do poder legislativo vereador Raul Formiga, e foi realizada no edif\u00edcio sede da Prefeitura Municipal.<\/p>\n<p>Esta \u00e9 a segunda vez que a prefeita transmite o cargo em virtude de viagens oficiais ao exterior.<\/p>\n<p>Anna Lorena vai representar uma entidade que incentiva e promove o movimento de empoderamento feminino, e estar\u00e1 na Alemanha ao lado de outras seis prefeitas em visita \u00e0 quatro cidades, entre elas Berlim.<\/p>\n<p>H\u00e1 exatamente um ano atr\u00e1s, a prefeita j\u00e1 havia participado de um compromisso oficial semelhante no mesmo pa\u00eds, o que \u00e9 considerado extremamente positivo para o munic\u00edpio de Monteiro, e para a regi\u00e3o do Cariri como um todo.<\/p>\n<p>O vice-prefeito Celecileno Alves dever\u00e1 passar 15 dias no cargo, e j\u00e1 confirmou que a prioridade ser\u00e1 dar continuidade \u00e0s a\u00e7\u00f5es e ao trabalho administrativo que j\u00e1 vem sendo executado em parceria com a gestora.<\/p>\n<p>\u201cVamos continuar o trabalho que j\u00e1 vem sendo muito bem executado pela nossa prefeita. Tenho esta responsabilidade e vamos honrar nossa popula\u00e7\u00e3o com todo o cuidado que a cidade merece\u201d, pontuou Celecileno.<\/p>\n<p>A prefeita Anna Lorena confirmou que viaja com tranquilidade em rela\u00e7\u00e3o aos destinos do munic\u00edpio pela confian\u00e7a que deposita no vice-prefeito e em toda a sua equipe de trabalho.<\/p>\n<p>\u201cDeixo a cidade em boas m\u00e3os, porque compet\u00eancia e responsabilidade fazem parte da personalidade de Celecileno, e tenho a certeza que a coopera\u00e7\u00e3o dos nossos secret\u00e1rios tamb\u00e9m o ajudar\u00e3o a trilhar esse caminho novamente\u201d, comentou Anna Lorena.<\/p>\n<p>Ascom\/Monteiro<\/p>\n","protected":false},"excerpt":{"rendered":"<p>A prefeita de Monteiro Anna Lorena transmitiu oficialmente o cargo para o vice-prefeito Celecileno Alves na manh\u00e3 desta ter\u00e7a feira, 13. A cerim\u00f4nia contou com&hellip; <\/p>\n","protected":false},"author":1,"featured_media":72782,"comment_status":"closed","ping_status":"closed","sticky":false,"template":"","format":"standard","meta":{"sfsi_plus_gutenberg_text_before_share":"","sfsi_plus_gutenberg_show_text_before_share":"","sfsi_plus_gutenberg_icon_type":"","sfsi_plus_gutenberg_icon_alignemt":"","sfsi_plus_gutenburg_max_per_row":"","footnotes":""},"categories":[2],"tags":[],"class_list":["post-72781","post","type-post","status-publish","format-standard","has-post-thumbnail","hentry","category-geral"],"_links":{"self":[{"href":"https:\/\/www.caririemacao.com\/1\/wp-json\/wp\/v2\/posts\/72781","targetHints":{"allow":["GET"]}}],"collection":[{"href":"https:\/\/www.caririemacao.com\/1\/wp-json\/wp\/v2\/posts"}],"about":[{"href":"https:\/\/www.caririemacao.com\/1\/wp-json\/wp\/v2\/types\/post"}],"author":[{"embeddable":true,"href":"https:\/\/www.caririemacao.com\/1\/wp-json\/wp\/v2\/users\/1"}],"replies":[{"embeddable":true,"href":"https:\/\/www.caririemacao.com\/1\/wp-json\/wp\/v2\/comments?post=72781"}],"version-history":[{"count":1,"href":"https:\/\/www.caririemacao.com\/1\/wp-json\/wp\/v2\/posts\/72781\/revisions"}],"predecessor-version":[{"id":72783,"href":"https:\/\/www.caririemacao.com\/1\/wp-json\/wp\/v2\/posts\/72781\/revisions\/72783"}],"wp:featuredmedia":[{"embeddable":true,"href":"https:\/\/www.caririemacao.com\/1\/wp-json\/wp\/v2\/media\/72782"}],"wp:attachment":[{"href":"https:\/\/www.caririemacao.com\/1\/wp-json\/wp\/v2\/media?parent=72781"}],"wp:term":[{"taxonomy":"category","embeddable":true,"href":"https:\/\/www.caririemacao.com\/1\/wp-json\/wp\/v2\/categories?post=72781"},{"taxonomy":"post_tag","embeddable":true,"href":"https:\/\/www.caririemacao.com\/1\/wp-json\/wp\/v2\/tags?post=72781"}],"curies":[{"name":"wp","href":"https:\/\/api.w.org\/{rel}","templated":true}]}}