{"id":72784,"date":"2018-11-13T14:37:21","date_gmt":"2018-11-13T17:37:21","guid":{"rendered":"http:\/\/www.caririemacao.com\/1\/?p=72784"},"modified":"2018-11-13T14:37:21","modified_gmt":"2018-11-13T17:37:21","slug":"operacao-prende-quatros-jovens-acusados-de-roubos-e-furtos-no-cariri","status":"publish","type":"post","link":"https:\/\/www.caririemacao.com\/1\/2018\/11\/13\/operacao-prende-quatros-jovens-acusados-de-roubos-e-furtos-no-cariri\/","title":{"rendered":"Opera\u00e7\u00e3o prende quatros jovens acusados de roubos e furtos no Cariri"},"content":{"rendered":"<p>Uma opera\u00e7\u00e3o da Pol\u00edcia Civil, por meio da Delegacia de Barra de S\u00e3o Miguel, com o apoio do N\u00facleo de Homic\u00eddios da 11\u00aa Delegacia Seccional, sob o comando do Delegado Cristiano Santana, nesta ter\u00e7a-feira (13), resultou na pris\u00e3o de quatro jovens, acusados de roubos e furtos, em Barra de S\u00e3o Miguel e munic\u00edpios vizinhos.<\/p>\n<p>Foram presos em cumprimento a mandados judiciais de pris\u00e3o: Iago Jos\u00e9 Cavalcante Silva, 22 anos, conhecido por Morcego, Luiz Carlos Lima da Silva, 20 anos, Jos\u00e9 Hugo Pereira da Silva, conhecido por NETO, 22 anos, e Higor Batista de Araujo.<\/p>\n<p>Durante buscas realizadas nos domic\u00edlios dos acusados n\u00e3o foram encontrados objetos ou instrumentos de origem criminosa nem armas de fogo.<\/p>\n<p>Blog do Bruno Lira<\/p>\n","protected":false},"excerpt":{"rendered":"<p>Uma opera\u00e7\u00e3o da Pol\u00edcia Civil, por meio da Delegacia de Barra de S\u00e3o Miguel, com o apoio do N\u00facleo de Homic\u00eddios da 11\u00aa Delegacia Seccional,&hellip; <\/p>\n","protected":false},"author":1,"featured_media":50551,"comment_status":"closed","ping_status":"closed","sticky":false,"template":"","format":"standard","meta":{"sfsi_plus_gutenberg_text_before_share":"","sfsi_plus_gutenberg_show_text_before_share":"","sfsi_plus_gutenberg_icon_type":"","sfsi_plus_gutenberg_icon_alignemt":"","sfsi_plus_gutenburg_max_per_row":"","footnotes":""},"categories":[12],"tags":[],"class_list":["post-72784","post","type-post","status-publish","format-standard","has-post-thumbnail","hentry","category-policia"],"_links":{"self":[{"href":"https:\/\/www.caririemacao.com\/1\/wp-json\/wp\/v2\/posts\/72784","targetHints":{"allow":["GET"]}}],"collection":[{"href":"https:\/\/www.caririemacao.com\/1\/wp-json\/wp\/v2\/posts"}],"about":[{"href":"https:\/\/www.caririemacao.com\/1\/wp-json\/wp\/v2\/types\/post"}],"author":[{"embeddable":true,"href":"https:\/\/www.caririemacao.com\/1\/wp-json\/wp\/v2\/users\/1"}],"replies":[{"embeddable":true,"href":"https:\/\/www.caririemacao.com\/1\/wp-json\/wp\/v2\/comments?post=72784"}],"version-history":[{"count":1,"href":"https:\/\/www.caririemacao.com\/1\/wp-json\/wp\/v2\/posts\/72784\/revisions"}],"predecessor-version":[{"id":72785,"href":"https:\/\/www.caririemacao.com\/1\/wp-json\/wp\/v2\/posts\/72784\/revisions\/72785"}],"wp:featuredmedia":[{"embeddable":true,"href":"https:\/\/www.caririemacao.com\/1\/wp-json\/wp\/v2\/media\/50551"}],"wp:attachment":[{"href":"https:\/\/www.caririemacao.com\/1\/wp-json\/wp\/v2\/media?parent=72784"}],"wp:term":[{"taxonomy":"category","embeddable":true,"href":"https:\/\/www.caririemacao.com\/1\/wp-json\/wp\/v2\/categories?post=72784"},{"taxonomy":"post_tag","embeddable":true,"href":"https:\/\/www.caririemacao.com\/1\/wp-json\/wp\/v2\/tags?post=72784"}],"curies":[{"name":"wp","href":"https:\/\/api.w.org\/{rel}","templated":true}]}}