{"id":72796,"date":"2018-11-13T14:43:26","date_gmt":"2018-11-13T17:43:26","guid":{"rendered":"http:\/\/www.caririemacao.com\/1\/?p=72796"},"modified":"2018-11-13T14:43:26","modified_gmt":"2018-11-13T17:43:26","slug":"joao-azevedo-lamenta-morte-de-ex-prefeito-de-barauna-perco-um-amigo-e-aliado","status":"publish","type":"post","link":"https:\/\/www.caririemacao.com\/1\/2018\/11\/13\/joao-azevedo-lamenta-morte-de-ex-prefeito-de-barauna-perco-um-amigo-e-aliado\/","title":{"rendered":"Jo\u00e3o Azev\u00eado lamenta morte de ex-prefeito de Bara\u00fana: \u201cperco um amigo e aliado\u201d"},"content":{"rendered":"<p>O governador eleito Jo\u00e3o Azev\u00eado (PSB) lamentou, em comunicado publicado nas redes sociais na tarde desta ter\u00e7a-feira (13), a morte tr\u00e1gica do ex-prefeito de Bara\u00fana, Alyson Azevedo.<\/p>\n<p>Alyson foi morto pelo pr\u00f3prio pai ao adentrar na resid\u00eancia do mesmo para apagar um foco de inc\u00eandio. Seu genitor o confundiu com um bandido.<\/p>\n<p><strong>Veja a postagem:<\/strong><\/p>\n<p><iframe class=\"i-amphtml-fill-content lazyload\" data-src=\"https:\/\/www.facebook.com\/plugins\/post.php?href=https%3A%2F%2Fwww.facebook.com%2Fjoaoazevedolins%2Fposts%2F1937443006563107&amp;width=500#amp=1\" name=\"amp_iframe0\" frameborder=\"0\" sandbox=\"allow-scripts allow-same-origin\" data-mce-fragment=\"1\" src=\"data:image\/svg+xml;base64,PHN2ZyB3aWR0aD0iMSIgaGVpZ2h0PSIxIiB4bWxucz0iaHR0cDovL3d3dy53My5vcmcvMjAwMC9zdmciPjwvc3ZnPg==\" data-load-mode=\"1\"><\/iframe><\/p>\n<p>&nbsp;<\/p>\n<p>Para\u00edba J\u00e1<\/p>\n","protected":false},"excerpt":{"rendered":"<p>O governador eleito Jo\u00e3o Azev\u00eado (PSB) lamentou, em comunicado publicado nas redes sociais na tarde desta ter\u00e7a-feira (13), a morte tr\u00e1gica do ex-prefeito de Bara\u00fana,&hellip; <\/p>\n","protected":false},"author":1,"featured_media":72797,"comment_status":"closed","ping_status":"closed","sticky":false,"template":"","format":"standard","meta":{"sfsi_plus_gutenberg_text_before_share":"","sfsi_plus_gutenberg_show_text_before_share":"","sfsi_plus_gutenberg_icon_type":"","sfsi_plus_gutenberg_icon_alignemt":"","sfsi_plus_gutenburg_max_per_row":"","footnotes":""},"categories":[11],"tags":[],"class_list":["post-72796","post","type-post","status-publish","format-standard","has-post-thumbnail","hentry","category-politica"],"_links":{"self":[{"href":"https:\/\/www.caririemacao.com\/1\/wp-json\/wp\/v2\/posts\/72796","targetHints":{"allow":["GET"]}}],"collection":[{"href":"https:\/\/www.caririemacao.com\/1\/wp-json\/wp\/v2\/posts"}],"about":[{"href":"https:\/\/www.caririemacao.com\/1\/wp-json\/wp\/v2\/types\/post"}],"author":[{"embeddable":true,"href":"https:\/\/www.caririemacao.com\/1\/wp-json\/wp\/v2\/users\/1"}],"replies":[{"embeddable":true,"href":"https:\/\/www.caririemacao.com\/1\/wp-json\/wp\/v2\/comments?post=72796"}],"version-history":[{"count":1,"href":"https:\/\/www.caririemacao.com\/1\/wp-json\/wp\/v2\/posts\/72796\/revisions"}],"predecessor-version":[{"id":72798,"href":"https:\/\/www.caririemacao.com\/1\/wp-json\/wp\/v2\/posts\/72796\/revisions\/72798"}],"wp:featuredmedia":[{"embeddable":true,"href":"https:\/\/www.caririemacao.com\/1\/wp-json\/wp\/v2\/media\/72797"}],"wp:attachment":[{"href":"https:\/\/www.caririemacao.com\/1\/wp-json\/wp\/v2\/media?parent=72796"}],"wp:term":[{"taxonomy":"category","embeddable":true,"href":"https:\/\/www.caririemacao.com\/1\/wp-json\/wp\/v2\/categories?post=72796"},{"taxonomy":"post_tag","embeddable":true,"href":"https:\/\/www.caririemacao.com\/1\/wp-json\/wp\/v2\/tags?post=72796"}],"curies":[{"name":"wp","href":"https:\/\/api.w.org\/{rel}","templated":true}]}}