{"id":72805,"date":"2018-11-13T16:54:28","date_gmt":"2018-11-13T19:54:28","guid":{"rendered":"http:\/\/www.caririemacao.com\/1\/?p=72805"},"modified":"2018-11-13T16:54:28","modified_gmt":"2018-11-13T19:54:28","slug":"secretaria-de-saude-realiza-acao-em-prol-do-novembro-azul-na-feira-de-gado-de-monteiro","status":"publish","type":"post","link":"https:\/\/www.caririemacao.com\/1\/2018\/11\/13\/secretaria-de-saude-realiza-acao-em-prol-do-novembro-azul-na-feira-de-gado-de-monteiro\/","title":{"rendered":"Secretaria de Sa\u00fade realiza a\u00e7\u00e3o em prol do Novembro Azul na Feira de Gado de Monteiro"},"content":{"rendered":"<p><img fetchpriority=\"high\" decoding=\"async\" class=\"size-medium wp-image-27167 alignleft\" src=\"http:\/\/www.vitrinedocariri.com.br\/wp-content\/uploads\/2018\/11\/Novembro-Azul_Feira-do-Gado04-300x199.jpeg\" alt=\"\" width=\"300\" height=\"199\" \/>A Secretaria de Sa\u00fade, atrav\u00e9s das equipes da aten\u00e7\u00e3o b\u00e1sica e NASF realizaram uma grande a\u00e7\u00e3o em alus\u00e3o ao Novembro Azul, com o intuito de atingir a maior quantidade de homens monteirenses. O local escolhido foi a Feira do Gado, um local bastante movimentado e um dos pontos onde sempre s\u00e3o feitas a\u00e7\u00f5es relacionadas \u00e0 sa\u00fade.<\/p>\n<p>No momento foi disponibilizado a marca\u00e7\u00e3o de exames, testes r\u00e1pidos e aferi\u00e7\u00e3o de press\u00e3o arterial, aplica\u00e7\u00e3o de vacinas e orienta\u00e7\u00f5es em rela\u00e7\u00e3o \u00e0 sa\u00fade do homem.<\/p>\n<p>Ainda dentro das a\u00e7\u00f5es relacionadas ao Novembro Azul est\u00e3o agendadas palestras na Vigil\u00e2ncia em Sa\u00fade, nesta ter\u00e7a-feira,13, e palestra no Batalh\u00e3o de Pol\u00edcia na quarta-feira, dia 14. J\u00e1 na ter\u00e7a-feira, dia 20, a Energisa receber\u00e1 a equipe da sa\u00fade para palestra e no dia 22 encerrando a programa\u00e7\u00e3o a palestra acontece no Centro de Especialidades M\u00e9dicas.<\/p>\n<p><strong>Novembro Azul<\/strong><\/p>\n<p><img decoding=\"async\" class=\"size-medium wp-image-27168 alignleft lazyload\" data-src=\"http:\/\/www.vitrinedocariri.com.br\/wp-content\/uploads\/2018\/11\/Novembro-Azul_Feira-do-Gado12-300x199.jpeg\" alt=\"\" width=\"300\" height=\"199\" src=\"data:image\/svg+xml;base64,PHN2ZyB3aWR0aD0iMSIgaGVpZ2h0PSIxIiB4bWxucz0iaHR0cDovL3d3dy53My5vcmcvMjAwMC9zdmciPjwvc3ZnPg==\" style=\"--smush-placeholder-width: 300px; --smush-placeholder-aspect-ratio: 300\/199;\" \/>A \u00fanica forma de garantir a cura do c\u00e2ncer de pr\u00f3stata \u00e9 o diagn\u00f3stico precoce. Mesmo na aus\u00eancia de sintomas, homens a partir dos 45 anos com fatores de risco, ou 50 anos sem estes fatores, devem ir ao urologista para conversar sobre o exame de toque retal, que permite ao m\u00e9dico avaliar altera\u00e7\u00f5es da gl\u00e2ndula, como endurecimento e presen\u00e7a de n\u00f3dulos suspeitos, e sobre o exame de sangue PSA (ant\u00edgeno prost\u00e1tico espec\u00edfico).<\/p>\n<p>Cerca de 20% dos pacientes com c\u00e2ncer de pr\u00f3stata s\u00e3o diagnosticados somente pela altera\u00e7\u00e3o no toque retal. Outros exames poder\u00e3o ser solicitados se houver suspeita de c\u00e2ncer de pr\u00f3stata, como as bi\u00f3psias, que retiram fragmentos da pr\u00f3stata para an\u00e1lise, guiadas pelo ultrassom transretal.<\/p>\n<p>A indica\u00e7\u00e3o da melhor forma de tratamento vai depender de v\u00e1rios aspectos, como estado de sa\u00fade atual, estadiamento da doen\u00e7a e expectativa de vida. Em casos de tumores de baixa agressividade h\u00e1 a op\u00e7\u00e3o da vigil\u00e2ncia ativa, na qual periodicamente se faz um monitoramento da evolu\u00e7\u00e3o da doen\u00e7a intervindo se houver progress\u00e3o da mesma.<\/p>\n<p>Ascom\/Monteiro<\/p>\n","protected":false},"excerpt":{"rendered":"<p>A Secretaria de Sa\u00fade, atrav\u00e9s das equipes da aten\u00e7\u00e3o b\u00e1sica e NASF realizaram uma grande a\u00e7\u00e3o em alus\u00e3o ao Novembro Azul, com o intuito de&hellip; <\/p>\n","protected":false},"author":1,"featured_media":8412,"comment_status":"closed","ping_status":"closed","sticky":false,"template":"","format":"standard","meta":{"sfsi_plus_gutenberg_text_before_share":"","sfsi_plus_gutenberg_show_text_before_share":"","sfsi_plus_gutenberg_icon_type":"","sfsi_plus_gutenberg_icon_alignemt":"","sfsi_plus_gutenburg_max_per_row":"","footnotes":""},"categories":[16],"tags":[],"class_list":["post-72805","post","type-post","status-publish","format-standard","has-post-thumbnail","hentry","category-saude"],"_links":{"self":[{"href":"https:\/\/www.caririemacao.com\/1\/wp-json\/wp\/v2\/posts\/72805","targetHints":{"allow":["GET"]}}],"collection":[{"href":"https:\/\/www.caririemacao.com\/1\/wp-json\/wp\/v2\/posts"}],"about":[{"href":"https:\/\/www.caririemacao.com\/1\/wp-json\/wp\/v2\/types\/post"}],"author":[{"embeddable":true,"href":"https:\/\/www.caririemacao.com\/1\/wp-json\/wp\/v2\/users\/1"}],"replies":[{"embeddable":true,"href":"https:\/\/www.caririemacao.com\/1\/wp-json\/wp\/v2\/comments?post=72805"}],"version-history":[{"count":1,"href":"https:\/\/www.caririemacao.com\/1\/wp-json\/wp\/v2\/posts\/72805\/revisions"}],"predecessor-version":[{"id":72807,"href":"https:\/\/www.caririemacao.com\/1\/wp-json\/wp\/v2\/posts\/72805\/revisions\/72807"}],"wp:featuredmedia":[{"embeddable":true,"href":"https:\/\/www.caririemacao.com\/1\/wp-json\/wp\/v2\/media\/8412"}],"wp:attachment":[{"href":"https:\/\/www.caririemacao.com\/1\/wp-json\/wp\/v2\/media?parent=72805"}],"wp:term":[{"taxonomy":"category","embeddable":true,"href":"https:\/\/www.caririemacao.com\/1\/wp-json\/wp\/v2\/categories?post=72805"},{"taxonomy":"post_tag","embeddable":true,"href":"https:\/\/www.caririemacao.com\/1\/wp-json\/wp\/v2\/tags?post=72805"}],"curies":[{"name":"wp","href":"https:\/\/api.w.org\/{rel}","templated":true}]}}