{"id":72809,"date":"2018-11-13T17:02:32","date_gmt":"2018-11-13T20:02:32","guid":{"rendered":"http:\/\/www.caririemacao.com\/1\/?p=72809"},"modified":"2018-11-13T17:03:38","modified_gmt":"2018-11-13T20:03:38","slug":"morre-ativista-lgbt-e-dirigente-do-pt-em-santa-rita-kelly-costa","status":"publish","type":"post","link":"https:\/\/www.caririemacao.com\/1\/2018\/11\/13\/morre-ativista-lgbt-e-dirigente-do-pt-em-santa-rita-kelly-costa\/","title":{"rendered":"Morre ativista LGBT e dirigente do PT em Santa Rita, Kelly Costa"},"content":{"rendered":"<p>A militante,\u00a0ativista social e ex-dirigente estadual do PT-PB, Jackeline Costa Silva, faleceu na tarde desta ter\u00e7a-feira (13),\u00a0aos 40 anos de idade.\u00a0Ela\u00a0sofria de insufici\u00eancia respirat\u00f3ria h\u00e1 cerca de cinco anos, e teve seu quadro agravado nos \u00faltimos dias, vindo falecer no Hospital de Trauma Sen. Humberto Lucena, em Jo\u00e3o Pessoa, onde estava internada.<\/p>\n<p>A l\u00edder\u00a0era secret\u00e1ria de Organiza\u00e7\u00e3o do Partido dos Trabalhadores na cidade de Santa Rita e ativista dos direitos da Mulher e dos direitos LGBT na Para\u00edba.<\/p>\n<p>Em nota, o presidente estadual do PT, Jackson Macedo, lamentou a morte de Kelly e exultou sua luta contra a doen\u00e7a que viria causar a sua morte.\u00a0&#8220;Kelly deixara\u0301 uma lacuna na luta do PT e dos Movimentos Sociais da cidade de Santa Rita&#8221;, diz a nota.<\/p>\n<p><strong>NOTA DE PESAR\u00a0 \u00a0 \u00a0 \u00a0 \u00a0\u00a0<\/strong><\/p>\n<p><em>E\u0301 com muita tristeza que acabamos de receber a noticia do falecimento no Hospital de Emerge\u0302ncia e Trauma de Joa\u0303o Pessoa da companheira, dirigente e militante do PT da cidade de Santa Rita Jackeline Costa Silva.<\/em><\/p>\n<p><em>A Companheira Kelly era atualmente Secreta\u0301ria de Organizac\u0327a\u0303o do Direto\u0301rio daquela cidade, tendo sido tambe\u0301m integrante da Direc\u0327a\u0303o Estadual do PT PB e ativista dos Movimentos Sociais em especial do movimento LGBT.<\/em><\/p>\n<p><em>Nossa companheira lutava a mais de cinco anos contra uma doenc\u0327a que afetou seu sistema respirato\u0301rio. Como uma guerreira, batalhou ate\u0301 os u\u0301ltimos dias de sua vida com garra, determinac\u0327a\u0303o e alegria que contagiava a todos no\u0301s.<\/em><\/p>\n<p><em>Kelly deixara\u0301 uma lacuna na luta do PT e dos Movimentos Sociais da cidade de Santa Rita.<\/em><\/p>\n<p><em>Assim, com muita tristeza, prestamos toda a solidariedade a sua fami\u0301lia, amigos, companheiros e companheiras de caminhada.<\/em><\/p>\n<p><em>\u201cQuerer ser livre e\u0301 tambe\u0301m querer livres os outros\u201d (Simone de Beauvoir)<\/em><\/p>\n<p>ClickPB<\/p>\n","protected":false},"excerpt":{"rendered":"<p>A militante,\u00a0ativista social e ex-dirigente estadual do PT-PB, Jackeline Costa Silva, faleceu na tarde desta ter\u00e7a-feira (13),\u00a0aos 40 anos de idade.\u00a0Ela\u00a0sofria de insufici\u00eancia respirat\u00f3ria h\u00e1&hellip; <\/p>\n","protected":false},"author":1,"featured_media":72810,"comment_status":"closed","ping_status":"closed","sticky":false,"template":"","format":"standard","meta":{"sfsi_plus_gutenberg_text_before_share":"","sfsi_plus_gutenberg_show_text_before_share":"","sfsi_plus_gutenberg_icon_type":"","sfsi_plus_gutenberg_icon_alignemt":"","sfsi_plus_gutenburg_max_per_row":"","footnotes":""},"categories":[2],"tags":[],"class_list":["post-72809","post","type-post","status-publish","format-standard","has-post-thumbnail","hentry","category-geral"],"_links":{"self":[{"href":"https:\/\/www.caririemacao.com\/1\/wp-json\/wp\/v2\/posts\/72809","targetHints":{"allow":["GET"]}}],"collection":[{"href":"https:\/\/www.caririemacao.com\/1\/wp-json\/wp\/v2\/posts"}],"about":[{"href":"https:\/\/www.caririemacao.com\/1\/wp-json\/wp\/v2\/types\/post"}],"author":[{"embeddable":true,"href":"https:\/\/www.caririemacao.com\/1\/wp-json\/wp\/v2\/users\/1"}],"replies":[{"embeddable":true,"href":"https:\/\/www.caririemacao.com\/1\/wp-json\/wp\/v2\/comments?post=72809"}],"version-history":[{"count":1,"href":"https:\/\/www.caririemacao.com\/1\/wp-json\/wp\/v2\/posts\/72809\/revisions"}],"predecessor-version":[{"id":72811,"href":"https:\/\/www.caririemacao.com\/1\/wp-json\/wp\/v2\/posts\/72809\/revisions\/72811"}],"wp:featuredmedia":[{"embeddable":true,"href":"https:\/\/www.caririemacao.com\/1\/wp-json\/wp\/v2\/media\/72810"}],"wp:attachment":[{"href":"https:\/\/www.caririemacao.com\/1\/wp-json\/wp\/v2\/media?parent=72809"}],"wp:term":[{"taxonomy":"category","embeddable":true,"href":"https:\/\/www.caririemacao.com\/1\/wp-json\/wp\/v2\/categories?post=72809"},{"taxonomy":"post_tag","embeddable":true,"href":"https:\/\/www.caririemacao.com\/1\/wp-json\/wp\/v2\/tags?post=72809"}],"curies":[{"name":"wp","href":"https:\/\/api.w.org\/{rel}","templated":true}]}}