{"id":72815,"date":"2018-11-13T17:47:43","date_gmt":"2018-11-13T20:47:43","guid":{"rendered":"http:\/\/www.caririemacao.com\/1\/?p=72815"},"modified":"2018-11-13T17:47:43","modified_gmt":"2018-11-13T20:47:43","slug":"definidas-regras-para-uso-da-agua-da-transposicao","status":"publish","type":"post","link":"https:\/\/www.caririemacao.com\/1\/2018\/11\/13\/definidas-regras-para-uso-da-agua-da-transposicao\/","title":{"rendered":"Definidas regras para uso da \u00e1gua da transposi\u00e7\u00e3o"},"content":{"rendered":"<p>Garantir a subsist\u00eancia dos agricultores que usam \u00e1guas superficiais ou subterr\u00e2neas tanto no rio Para\u00edba quanto nas proximidades do a\u00e7ude Epit\u00e1cio Pessoa (Boqueir\u00e3o) durante a pr\u00e9-opera\u00e7\u00e3o do Projeto de Integra\u00e7\u00e3o do S\u00e3o Francisco (PISF). Este \u00e9 um dos objetivos da\u00a0Resolu\u00e7\u00e3o Conjunta n\u00ba 87\/2018, documento da Ag\u00eancia Nacional de \u00c1guas (ANA) e da Ag\u00eancia Executiva de Gest\u00e3o das \u00c1guas do Estado da Para\u00edba (AESA), publicado no Di\u00e1rio Oficial da Uni\u00e3o nessa sexta-feira (9).<\/p>\n<h2>Todo Sistema<\/h2>\n<p>As regras da Resolu\u00e7\u00e3o Conjunta ANA\/AESA abrangem todo o Sistema Rio Para\u00edba-Boqueir\u00e3o, que inclui as \u00e1guas superficiais e subterr\u00e2neas do rio Para\u00edba; do des\u00e1gue do Eixo Leste do PISF, em Monteiro (PB), at\u00e9 o reservat\u00f3rio Epit\u00e1cio Pessoa, em Boqueir\u00e3o, durante a fase de pr\u00e9-opera\u00e7\u00e3o da transposi\u00e7\u00e3o do S\u00e3o Francisco. Quando o empreendimento entrar em opera\u00e7\u00e3o, ser\u00e1 editada uma resolu\u00e7\u00e3o espec\u00edfica.<\/p>\n<h2>Resolu\u00e7\u00e3o<\/h2>\n<p>De acordo com a Resolu\u00e7\u00e3o, o uso da \u00e1gua do Sistema ficar\u00e1 restrito para consumo humano, matar a sede de animais e atividades de subsist\u00eancia \u2013 capta\u00e7\u00f5es para outros usos est\u00e3o suspensas, inclusive nos reservat\u00f3rios S\u00e3o Jos\u00e9 II, Po\u00e7\u00f5es e Camala\u00fa. Conforme as regras definidas pelas ag\u00eancias reguladoras, a \u00e1gua da regi\u00e3o somente poder\u00e1 ser usada em sistemas de irriga\u00e7\u00e3o localizada (microaspers\u00e3o e gotejamento) e a \u00e1rea de cultivo no a\u00e7ude Boqueir\u00e3o e ao longo do rio Para\u00edba ficar\u00e1 limitada a 250 hectares para cada uma destes trechos.<\/p>\n<h2>Regras<\/h2>\n<p>Para as finalidades permitidas, cada usu\u00e1rio de \u00e1gua poder\u00e1 captar um volume m\u00e1ximo di\u00e1rio de 25.920 litros ou uma vaz\u00e3o necess\u00e1ria ao cultivo de at\u00e9 0,5 hectare ou 5.000 metros quadrados. Outra limita\u00e7\u00e3o diz respeito ao tempo de capta\u00e7\u00e3o, que poder\u00e1 ser de at\u00e9 8,5 horas por dia e de prefer\u00eancia no hor\u00e1rio de tarifa verde de energia el\u00e9trica, aplicada quando o consumo de energia el\u00e9trica \u00e9 menor. Tamb\u00e9m est\u00e3o proibidas culturas de ciclo longo, exceto para produ\u00e7\u00e3o de mudas e pastagem. A Resolu\u00e7\u00e3o Conjunta s\u00f3 autoriza as culturas tempor\u00e1rias.<\/p>\n<p>Todos estes usos s\u00f3 ser\u00e3o permitidos com autoriza\u00e7\u00e3o pr\u00e9via da ANA, em \u00e1guas da Uni\u00e3o, como o a\u00e7ude Boqueir\u00e3o. Para utilizar as \u00e1guas do rio Para\u00edba entre o portal do PISF e o limite da bacia hidr\u00e1ulica do a\u00e7ude Boqueir\u00e3o, que fica no S\u00edtio Jacar\u00e9, em Cabeceiras e Barra de S\u00e3o Miguel (PB), os usu\u00e1rios ter\u00e3o que solicitar autoriza\u00e7\u00e3o pr\u00e9via junto \u00e0 AESA. Al\u00e9m disso, as outorgas de direito de uso de recursos h\u00eddricos vigentes na regi\u00e3o e que n\u00e3o se enquadrem \u00e0 Resolu\u00e7\u00e3o ser\u00e3o temporariamente alteradas. Pedidos de outorga que estejam em desacordo com as novas regras ser\u00e3o indeferidos.<\/p>\n<p>Para que o a\u00e7ude Boqueir\u00e3o possa liberar \u00e1gua para o rio Para\u00edba com finalidades de consumo humano ou dessedenta\u00e7\u00e3o animal, ser\u00e1 necess\u00e1ria uma avalia\u00e7\u00e3o dos volumes armazenados no reservat\u00f3rio pela ANA e pela AESA.<\/p>\n<h2>Cagepa<\/h2>\n<p>Com as novas condi\u00e7\u00f5es de uso, a Companhia de \u00c1gua e Esgotos da Para\u00edba (CAGEPA) fica autorizada a captar a vaz\u00e3o m\u00e9dia mensal de 1.300 litros por segundo no Boqueir\u00e3o para abastecer os Sistemas Cariri e Campina Grande, sendo esta a maior cidade da regi\u00e3o com 407.472 habitantes segundo estimativa de 2018 do Instituto Brasileiro de Geografia e Estat\u00edstica (IBGE).<\/p>\n","protected":false},"excerpt":{"rendered":"<p>Garantir a subsist\u00eancia dos agricultores que usam \u00e1guas superficiais ou subterr\u00e2neas tanto no rio Para\u00edba quanto nas proximidades do a\u00e7ude Epit\u00e1cio Pessoa (Boqueir\u00e3o) durante a&hellip; <\/p>\n","protected":false},"author":1,"featured_media":50497,"comment_status":"closed","ping_status":"closed","sticky":false,"template":"","format":"standard","meta":{"sfsi_plus_gutenberg_text_before_share":"","sfsi_plus_gutenberg_show_text_before_share":"","sfsi_plus_gutenberg_icon_type":"","sfsi_plus_gutenberg_icon_alignemt":"","sfsi_plus_gutenburg_max_per_row":"","footnotes":""},"categories":[2],"tags":[],"class_list":["post-72815","post","type-post","status-publish","format-standard","has-post-thumbnail","hentry","category-geral"],"_links":{"self":[{"href":"https:\/\/www.caririemacao.com\/1\/wp-json\/wp\/v2\/posts\/72815","targetHints":{"allow":["GET"]}}],"collection":[{"href":"https:\/\/www.caririemacao.com\/1\/wp-json\/wp\/v2\/posts"}],"about":[{"href":"https:\/\/www.caririemacao.com\/1\/wp-json\/wp\/v2\/types\/post"}],"author":[{"embeddable":true,"href":"https:\/\/www.caririemacao.com\/1\/wp-json\/wp\/v2\/users\/1"}],"replies":[{"embeddable":true,"href":"https:\/\/www.caririemacao.com\/1\/wp-json\/wp\/v2\/comments?post=72815"}],"version-history":[{"count":1,"href":"https:\/\/www.caririemacao.com\/1\/wp-json\/wp\/v2\/posts\/72815\/revisions"}],"predecessor-version":[{"id":72816,"href":"https:\/\/www.caririemacao.com\/1\/wp-json\/wp\/v2\/posts\/72815\/revisions\/72816"}],"wp:featuredmedia":[{"embeddable":true,"href":"https:\/\/www.caririemacao.com\/1\/wp-json\/wp\/v2\/media\/50497"}],"wp:attachment":[{"href":"https:\/\/www.caririemacao.com\/1\/wp-json\/wp\/v2\/media?parent=72815"}],"wp:term":[{"taxonomy":"category","embeddable":true,"href":"https:\/\/www.caririemacao.com\/1\/wp-json\/wp\/v2\/categories?post=72815"},{"taxonomy":"post_tag","embeddable":true,"href":"https:\/\/www.caririemacao.com\/1\/wp-json\/wp\/v2\/tags?post=72815"}],"curies":[{"name":"wp","href":"https:\/\/api.w.org\/{rel}","templated":true}]}}