{"id":72821,"date":"2018-11-13T18:27:20","date_gmt":"2018-11-13T21:27:20","guid":{"rendered":"http:\/\/www.caririemacao.com\/1\/?p=72821"},"modified":"2018-11-13T18:27:20","modified_gmt":"2018-11-13T21:27:20","slug":"escola-municipal-e-arrombada-e-furtada-em-sume","status":"publish","type":"post","link":"https:\/\/www.caririemacao.com\/1\/2018\/11\/13\/escola-municipal-e-arrombada-e-furtada-em-sume\/","title":{"rendered":"Escola Municipal \u00e9 arrombada e furtada em Sum\u00e9"},"content":{"rendered":"<p>A escola Municipal Presidente Vargas em Sum\u00e9, localizada no Bairro Alto Alegre, foi roubada na madrugada da \u00faltima segunda-feira.<\/p>\n<p>De acordo informa\u00e7\u00f5es, os meliantes arrombaram uma janela e levaram tr\u00eas computadores completos.<\/p>\n<p>Procurada pela nossa reportagem, a dire\u00e7\u00e3o da escola informou que o boletim de ocorr\u00eancia foi feito e pede para quem tiver informa\u00e7\u00f5es contribuir com a Pol\u00edcia.<\/p>\n<p>95 FM<\/p>\n","protected":false},"excerpt":{"rendered":"<p>A escola Municipal Presidente Vargas em Sum\u00e9, localizada no Bairro Alto Alegre, foi roubada na madrugada da \u00faltima segunda-feira. De acordo informa\u00e7\u00f5es, os meliantes arrombaram&hellip; <\/p>\n","protected":false},"author":1,"featured_media":72822,"comment_status":"closed","ping_status":"closed","sticky":false,"template":"","format":"standard","meta":{"sfsi_plus_gutenberg_text_before_share":"","sfsi_plus_gutenberg_show_text_before_share":"","sfsi_plus_gutenberg_icon_type":"","sfsi_plus_gutenberg_icon_alignemt":"","sfsi_plus_gutenburg_max_per_row":"","footnotes":""},"categories":[50,12],"tags":[],"class_list":["post-72821","post","type-post","status-publish","format-standard","has-post-thumbnail","hentry","category-destaque","category-policia"],"_links":{"self":[{"href":"https:\/\/www.caririemacao.com\/1\/wp-json\/wp\/v2\/posts\/72821","targetHints":{"allow":["GET"]}}],"collection":[{"href":"https:\/\/www.caririemacao.com\/1\/wp-json\/wp\/v2\/posts"}],"about":[{"href":"https:\/\/www.caririemacao.com\/1\/wp-json\/wp\/v2\/types\/post"}],"author":[{"embeddable":true,"href":"https:\/\/www.caririemacao.com\/1\/wp-json\/wp\/v2\/users\/1"}],"replies":[{"embeddable":true,"href":"https:\/\/www.caririemacao.com\/1\/wp-json\/wp\/v2\/comments?post=72821"}],"version-history":[{"count":1,"href":"https:\/\/www.caririemacao.com\/1\/wp-json\/wp\/v2\/posts\/72821\/revisions"}],"predecessor-version":[{"id":72823,"href":"https:\/\/www.caririemacao.com\/1\/wp-json\/wp\/v2\/posts\/72821\/revisions\/72823"}],"wp:featuredmedia":[{"embeddable":true,"href":"https:\/\/www.caririemacao.com\/1\/wp-json\/wp\/v2\/media\/72822"}],"wp:attachment":[{"href":"https:\/\/www.caririemacao.com\/1\/wp-json\/wp\/v2\/media?parent=72821"}],"wp:term":[{"taxonomy":"category","embeddable":true,"href":"https:\/\/www.caririemacao.com\/1\/wp-json\/wp\/v2\/categories?post=72821"},{"taxonomy":"post_tag","embeddable":true,"href":"https:\/\/www.caririemacao.com\/1\/wp-json\/wp\/v2\/tags?post=72821"}],"curies":[{"name":"wp","href":"https:\/\/api.w.org\/{rel}","templated":true}]}}