{"id":72828,"date":"2018-11-13T21:34:22","date_gmt":"2018-11-14T00:34:22","guid":{"rendered":"http:\/\/www.caririemacao.com\/1\/?p=72828"},"modified":"2018-11-13T21:34:22","modified_gmt":"2018-11-14T00:34:22","slug":"com-presenca-do-ministro-da-educacao-governador-marca-para-segunda-feira-inauguracao-da-escola-tecnica-de-serra-branca","status":"publish","type":"post","link":"https:\/\/www.caririemacao.com\/1\/2018\/11\/13\/com-presenca-do-ministro-da-educacao-governador-marca-para-segunda-feira-inauguracao-da-escola-tecnica-de-serra-branca\/","title":{"rendered":"Com presen\u00e7a do Ministro da Educa\u00e7\u00e3o, governador marca para segunda-feira inaugura\u00e7\u00e3o da Escola T\u00e9cnica de Serra Branca"},"content":{"rendered":"<p>O governador Ricardo Coutinho telefonou para o prefeito Vicente Fialho (Souzinha) confirmando para a pr\u00f3xima segunda-feira (19) a inaugura\u00e7\u00e3o de uma das maiores obras constru\u00eddas no munic\u00edpio, a Escola T\u00e9cnica Estadual. A inaugura\u00e7\u00e3o ocorrer\u00e1 \u00e0s 16hrs no pr\u00f3prio pr\u00e9dio da institui\u00e7\u00e3o, localizado \u00e0s margens da rodovia que interliga Serra Branca a Coxixola.<\/p>\n<p>Segundo o governador Ricardo Coutinho, o ministro da educa\u00e7\u00e3o, Rossieli Soares, estar\u00e1 prestigiando a inaugura\u00e7\u00e3o da obra que representou uma parceria entre o Governo Federal e o Governo do Estado. Ao todo foram investidos 13 milh\u00f5es de reais na constru\u00e7\u00e3o da Escola.<\/p>\n<p>A inaugura\u00e7\u00e3o dever\u00e1 contar com lideran\u00e7as locais, regionais e de todo o Estado e ser\u00e1 um marco para a educa\u00e7\u00e3o de Serra Branca.<\/p>\n<p><strong>De Olho no Cariri<\/strong><\/p>\n","protected":false},"excerpt":{"rendered":"<p>O governador Ricardo Coutinho telefonou para o prefeito Vicente Fialho (Souzinha) confirmando para a pr\u00f3xima segunda-feira (19) a inaugura\u00e7\u00e3o de uma das maiores obras constru\u00eddas&hellip; <\/p>\n","protected":false},"author":1,"featured_media":72829,"comment_status":"closed","ping_status":"closed","sticky":false,"template":"","format":"standard","meta":{"sfsi_plus_gutenberg_text_before_share":"","sfsi_plus_gutenberg_show_text_before_share":"","sfsi_plus_gutenberg_icon_type":"","sfsi_plus_gutenberg_icon_alignemt":"","sfsi_plus_gutenburg_max_per_row":"","footnotes":""},"categories":[14],"tags":[],"class_list":["post-72828","post","type-post","status-publish","format-standard","has-post-thumbnail","hentry","category-educacao"],"_links":{"self":[{"href":"https:\/\/www.caririemacao.com\/1\/wp-json\/wp\/v2\/posts\/72828","targetHints":{"allow":["GET"]}}],"collection":[{"href":"https:\/\/www.caririemacao.com\/1\/wp-json\/wp\/v2\/posts"}],"about":[{"href":"https:\/\/www.caririemacao.com\/1\/wp-json\/wp\/v2\/types\/post"}],"author":[{"embeddable":true,"href":"https:\/\/www.caririemacao.com\/1\/wp-json\/wp\/v2\/users\/1"}],"replies":[{"embeddable":true,"href":"https:\/\/www.caririemacao.com\/1\/wp-json\/wp\/v2\/comments?post=72828"}],"version-history":[{"count":1,"href":"https:\/\/www.caririemacao.com\/1\/wp-json\/wp\/v2\/posts\/72828\/revisions"}],"predecessor-version":[{"id":72830,"href":"https:\/\/www.caririemacao.com\/1\/wp-json\/wp\/v2\/posts\/72828\/revisions\/72830"}],"wp:featuredmedia":[{"embeddable":true,"href":"https:\/\/www.caririemacao.com\/1\/wp-json\/wp\/v2\/media\/72829"}],"wp:attachment":[{"href":"https:\/\/www.caririemacao.com\/1\/wp-json\/wp\/v2\/media?parent=72828"}],"wp:term":[{"taxonomy":"category","embeddable":true,"href":"https:\/\/www.caririemacao.com\/1\/wp-json\/wp\/v2\/categories?post=72828"},{"taxonomy":"post_tag","embeddable":true,"href":"https:\/\/www.caririemacao.com\/1\/wp-json\/wp\/v2\/tags?post=72828"}],"curies":[{"name":"wp","href":"https:\/\/api.w.org\/{rel}","templated":true}]}}