{"id":72833,"date":"2018-11-13T21:45:16","date_gmt":"2018-11-14T00:45:16","guid":{"rendered":"http:\/\/www.caririemacao.com\/1\/?p=72833"},"modified":"2018-11-13T21:45:36","modified_gmt":"2018-11-14T00:45:36","slug":"prefeitura-municipal-realiza-abastecimento-dagua-nas-comunidades-de-sitio-meloareal-e-paraiso","status":"publish","type":"post","link":"https:\/\/www.caririemacao.com\/1\/2018\/11\/13\/prefeitura-municipal-realiza-abastecimento-dagua-nas-comunidades-de-sitio-meloareal-e-paraiso\/","title":{"rendered":"Prefeitura municipal realiza Abastecimento d&#8217;\u00e1gua nas Comunidades de S\u00edtio Melo,Areal e Para\u00edso."},"content":{"rendered":"<div>A prefeitura municipal de Prata atrav\u00e9s da Secretaria de Agricultura realizou nesse dias 12 e 13 de Novembro abastecimento d&#8217;\u00e1gua atrav\u00e9s de carro pipa na zona rural do munic\u00edpio.A prefeitura vem mantendo abastecimento d&#8217;\u00e1gua em toda zona Rural.Dessa vez com em parceria da Defesa Civil a Prefeitura realiza conclu\u00eddo toda demanda existente.<\/div>\n<div><\/div>\n<div class=\"separator\"><a href=\"https:\/\/2.bp.blogspot.com\/-v7HiQEhgRP8\/W-tIVH1gjOI\/AAAAAAABRCM\/spYB29qshHUbCwYb7gX2eWGJclAKRkkugCLcBGAs\/s1600\/salt_20181113_194415_282.jpg\"><img fetchpriority=\"high\" decoding=\"async\" src=\"https:\/\/2.bp.blogspot.com\/-v7HiQEhgRP8\/W-tIVH1gjOI\/AAAAAAABRCM\/spYB29qshHUbCwYb7gX2eWGJclAKRkkugCLcBGAs\/s320\/salt_20181113_194415_282.jpg\" width=\"320\" height=\"320\" border=\"0\" data-original-height=\"1600\" data-original-width=\"1600\" \/><\/a><\/div>\n<p>&nbsp;<\/p>\n<div class=\"separator\"><a href=\"https:\/\/2.bp.blogspot.com\/-obQzRXQ4lOc\/W-tIbyoGZ6I\/AAAAAAABRCQ\/sl96GdAm0G8TtAOurWoavcdpvJmqWm4DACLcBGAs\/s1600\/salt_20181113_194354_078.jpg\"><img decoding=\"async\" data-src=\"https:\/\/2.bp.blogspot.com\/-obQzRXQ4lOc\/W-tIbyoGZ6I\/AAAAAAABRCQ\/sl96GdAm0G8TtAOurWoavcdpvJmqWm4DACLcBGAs\/s320\/salt_20181113_194354_078.jpg\" width=\"320\" height=\"320\" border=\"0\" data-original-height=\"1600\" data-original-width=\"1600\" src=\"data:image\/svg+xml;base64,PHN2ZyB3aWR0aD0iMSIgaGVpZ2h0PSIxIiB4bWxucz0iaHR0cDovL3d3dy53My5vcmcvMjAwMC9zdmciPjwvc3ZnPg==\" class=\"lazyload\" style=\"--smush-placeholder-width: 320px; --smush-placeholder-aspect-ratio: 320\/320;\" \/><\/a><\/div>\n<p>&nbsp;<\/p>\n<div class=\"separator\"><a href=\"https:\/\/3.bp.blogspot.com\/-T4NPT_PkRcc\/W-tIft5lfaI\/AAAAAAABRCU\/X8b-VtzlUhMyfZoXx6ugc8Ps7BpRc1mmgCLcBGAs\/s1600\/salt_20181113_194340_114.jpg\"><img decoding=\"async\" data-src=\"https:\/\/3.bp.blogspot.com\/-T4NPT_PkRcc\/W-tIft5lfaI\/AAAAAAABRCU\/X8b-VtzlUhMyfZoXx6ugc8Ps7BpRc1mmgCLcBGAs\/s320\/salt_20181113_194340_114.jpg\" width=\"320\" height=\"320\" border=\"0\" data-original-height=\"1600\" data-original-width=\"1600\" src=\"data:image\/svg+xml;base64,PHN2ZyB3aWR0aD0iMSIgaGVpZ2h0PSIxIiB4bWxucz0iaHR0cDovL3d3dy53My5vcmcvMjAwMC9zdmciPjwvc3ZnPg==\" class=\"lazyload\" style=\"--smush-placeholder-width: 320px; --smush-placeholder-aspect-ratio: 320\/320;\" \/><\/a><\/div>\n<div><\/div>\n<div>Ascom\/Prata<\/div>\n","protected":false},"excerpt":{"rendered":"<p>A prefeitura municipal de Prata atrav\u00e9s da Secretaria de Agricultura realizou nesse dias 12 e 13 de Novembro abastecimento d&#8217;\u00e1gua atrav\u00e9s de carro pipa na&hellip; <\/p>\n","protected":false},"author":1,"featured_media":72835,"comment_status":"closed","ping_status":"closed","sticky":false,"template":"","format":"standard","meta":{"sfsi_plus_gutenberg_text_before_share":"","sfsi_plus_gutenberg_show_text_before_share":"","sfsi_plus_gutenberg_icon_type":"","sfsi_plus_gutenberg_icon_alignemt":"","sfsi_plus_gutenburg_max_per_row":"","footnotes":""},"categories":[6],"tags":[],"class_list":["post-72833","post","type-post","status-publish","format-standard","has-post-thumbnail","hentry","category-cidades"],"_links":{"self":[{"href":"https:\/\/www.caririemacao.com\/1\/wp-json\/wp\/v2\/posts\/72833","targetHints":{"allow":["GET"]}}],"collection":[{"href":"https:\/\/www.caririemacao.com\/1\/wp-json\/wp\/v2\/posts"}],"about":[{"href":"https:\/\/www.caririemacao.com\/1\/wp-json\/wp\/v2\/types\/post"}],"author":[{"embeddable":true,"href":"https:\/\/www.caririemacao.com\/1\/wp-json\/wp\/v2\/users\/1"}],"replies":[{"embeddable":true,"href":"https:\/\/www.caririemacao.com\/1\/wp-json\/wp\/v2\/comments?post=72833"}],"version-history":[{"count":2,"href":"https:\/\/www.caririemacao.com\/1\/wp-json\/wp\/v2\/posts\/72833\/revisions"}],"predecessor-version":[{"id":72836,"href":"https:\/\/www.caririemacao.com\/1\/wp-json\/wp\/v2\/posts\/72833\/revisions\/72836"}],"wp:featuredmedia":[{"embeddable":true,"href":"https:\/\/www.caririemacao.com\/1\/wp-json\/wp\/v2\/media\/72835"}],"wp:attachment":[{"href":"https:\/\/www.caririemacao.com\/1\/wp-json\/wp\/v2\/media?parent=72833"}],"wp:term":[{"taxonomy":"category","embeddable":true,"href":"https:\/\/www.caririemacao.com\/1\/wp-json\/wp\/v2\/categories?post=72833"},{"taxonomy":"post_tag","embeddable":true,"href":"https:\/\/www.caririemacao.com\/1\/wp-json\/wp\/v2\/tags?post=72833"}],"curies":[{"name":"wp","href":"https:\/\/api.w.org\/{rel}","templated":true}]}}