{"id":72837,"date":"2018-11-13T21:50:09","date_gmt":"2018-11-14T00:50:09","guid":{"rendered":"http:\/\/www.caririemacao.com\/1\/?p=72837"},"modified":"2018-11-13T21:50:09","modified_gmt":"2018-11-14T00:50:09","slug":"escola-sem-partido-e-adiado-de-novo-na-camara-apos-6-meses-de-analise-e-embates","status":"publish","type":"post","link":"https:\/\/www.caririemacao.com\/1\/2018\/11\/13\/escola-sem-partido-e-adiado-de-novo-na-camara-apos-6-meses-de-analise-e-embates\/","title":{"rendered":"Escola sem Partido \u00e9 adiado de novo na C\u00e2mara ap\u00f3s 6 meses de an\u00e1lise e embates"},"content":{"rendered":"<p>Ap\u00f3s mais de tr\u00eas horas de embates, a comiss\u00e3o especial da C\u00e2mara dos Deputados que discute o projeto Escola sem Partido adiou nesta ter\u00e7a-feira (13), novamente, a vota\u00e7\u00e3o do seu relat\u00f3rio.<\/p>\n<p>A pr\u00f3xima sess\u00e3o deve ocorrer na semana que vem. J\u00e1 s\u00e3o seis meses de tentativa de an\u00e1lise da proposta, uma das mais pol\u00eamicas em tramita\u00e7\u00e3o no Congresso.<\/p>\n<p>Defendido pelas alas mais conservadoras do parlamento, o projeto sofre grande oposi\u00e7\u00e3o dos partidos de esquerda, que nesta ter\u00e7a conseguiram mais uma vez impedir a vota\u00e7\u00e3o.<\/p>\n<p>Os parlamentares desses partidos fizeram durante a sess\u00e3o v\u00e1rias \u201cquest\u00f5es de ordem\u201d, que s\u00e3o formula\u00e7\u00f5es baseadas no regimento da C\u00e2mara usadas, na maior parte dos casos, para atrasar ao m\u00e1ximo ou inviabilizar as vota\u00e7\u00f5es.<br \/>\nAp\u00f3s duas suspens\u00f5es para a realiza\u00e7\u00e3o de vota\u00e7\u00f5es no plen\u00e1rio da C\u00e2mara, a presid\u00eancia da comiss\u00e3o decidiu encerr\u00e1-la no in\u00edcio da noite desta ter\u00e7a.<br \/>\nComo em todas as tentativas anteriores, apoiadores e contr\u00e1rios \u00e0 medida acompanharam a sess\u00e3o e bateram boca em v\u00e1rios momentos. Um dos cartazes dos apoiadores do Escola sem Partido trazia os dizeres: \u201cExame toxicol\u00f3gico para professores da rede p\u00fablica.\u201d Outro, contr\u00e1rio, a inscri\u00e7\u00e3o \u201cLei da morda\u00e7a, n\u00e3o!\u201d<\/p>\n<p>Deputados de esquerda tamb\u00e9m discutiram com manifestantes e com colegas. Em um dos mais tensos, o relator, deputado Flavinho (PSC-SP), chamou aos gritos a petista Erika Kokay (DF) de \u201cmentirosa\u201d e \u201cdissimulada\u201d, dizendo que seu texto n\u00e3o prop\u00f5e criminaliza\u00e7\u00e3o de professores. A deputada \u00e9 uma das principais cr\u00edticas da medida.<\/p>\n<p>Bandeira de parlamentares \u00e0 direita e da bancada religiosa, o projeto busca impedir o que seus defensores classificam como uma ideologiza\u00e7\u00e3o de esquerda feita por professores nas salas de aula.<\/p>\n<p>O projeto estabelece, entre outros pontos, a afixa\u00e7\u00e3o de cartazes nas escolas com os \u201cdeveres dos professores\u201d, como o de \u201crespeitar o direito dos pais dos alunos a que seus filhos recebam a educa\u00e7\u00e3o religiosa e moral que esteja de acordo com as suas pr\u00f3prias convic\u00e7\u00f5es.\u201d<\/p>\n<p>O projeto diz ainda que a educa\u00e7\u00e3o \u201cn\u00e3o desenvolver\u00e1 pol\u00edticas de ensino, nem adotar\u00e1 curr\u00edculo escolar, disciplinas obrigat\u00f3rias, nem mesmo de forma complementar ou facultativa, que tendam a aplicar a ideologia de g\u00eanero, o termo \u2018g\u00eanero\u2019 ou \u2018orienta\u00e7\u00e3o sexual\u2019.\u201d<\/p>\n<p>Em nome da liberdade de c\u00e1tedra dos professores, entre outros argumentos, tribunais do pa\u00eds e a inst\u00e2ncia m\u00e1xima do Judici\u00e1rio, o Supremo Tribunal Federal, t\u00eam suspendido de forma preliminar a efic\u00e1cia de leis similares aprovadas nos estados e munic\u00edpios.<\/p>\n<p>No pr\u00f3ximo dia 28 o plen\u00e1rio do STF deve se manifestar sobre decis\u00e3o que suspendeu uma lei estadual de Alagoas similar ao Escola sem Partido. A decis\u00e3o, embora restrita ao caso espec\u00edfico, deve indicar a posi\u00e7\u00e3o da corte em rela\u00e7\u00e3o ao tema.<\/p>\n<p>&nbsp;<\/p>\n<p>Folha Press<\/p>\n","protected":false},"excerpt":{"rendered":"<p>Ap\u00f3s mais de tr\u00eas horas de embates, a comiss\u00e3o especial da C\u00e2mara dos Deputados que discute o projeto Escola sem Partido adiou nesta ter\u00e7a-feira (13),&hellip; <\/p>\n","protected":false},"author":1,"featured_media":72838,"comment_status":"closed","ping_status":"closed","sticky":false,"template":"","format":"standard","meta":{"sfsi_plus_gutenberg_text_before_share":"","sfsi_plus_gutenberg_show_text_before_share":"","sfsi_plus_gutenberg_icon_type":"","sfsi_plus_gutenberg_icon_alignemt":"","sfsi_plus_gutenburg_max_per_row":"","footnotes":""},"categories":[11],"tags":[],"class_list":["post-72837","post","type-post","status-publish","format-standard","has-post-thumbnail","hentry","category-politica"],"_links":{"self":[{"href":"https:\/\/www.caririemacao.com\/1\/wp-json\/wp\/v2\/posts\/72837","targetHints":{"allow":["GET"]}}],"collection":[{"href":"https:\/\/www.caririemacao.com\/1\/wp-json\/wp\/v2\/posts"}],"about":[{"href":"https:\/\/www.caririemacao.com\/1\/wp-json\/wp\/v2\/types\/post"}],"author":[{"embeddable":true,"href":"https:\/\/www.caririemacao.com\/1\/wp-json\/wp\/v2\/users\/1"}],"replies":[{"embeddable":true,"href":"https:\/\/www.caririemacao.com\/1\/wp-json\/wp\/v2\/comments?post=72837"}],"version-history":[{"count":1,"href":"https:\/\/www.caririemacao.com\/1\/wp-json\/wp\/v2\/posts\/72837\/revisions"}],"predecessor-version":[{"id":72839,"href":"https:\/\/www.caririemacao.com\/1\/wp-json\/wp\/v2\/posts\/72837\/revisions\/72839"}],"wp:featuredmedia":[{"embeddable":true,"href":"https:\/\/www.caririemacao.com\/1\/wp-json\/wp\/v2\/media\/72838"}],"wp:attachment":[{"href":"https:\/\/www.caririemacao.com\/1\/wp-json\/wp\/v2\/media?parent=72837"}],"wp:term":[{"taxonomy":"category","embeddable":true,"href":"https:\/\/www.caririemacao.com\/1\/wp-json\/wp\/v2\/categories?post=72837"},{"taxonomy":"post_tag","embeddable":true,"href":"https:\/\/www.caririemacao.com\/1\/wp-json\/wp\/v2\/tags?post=72837"}],"curies":[{"name":"wp","href":"https:\/\/api.w.org\/{rel}","templated":true}]}}