{"id":72840,"date":"2018-11-13T21:57:51","date_gmt":"2018-11-14T00:57:51","guid":{"rendered":"http:\/\/www.caririemacao.com\/1\/?p=72840"},"modified":"2018-11-13T21:57:51","modified_gmt":"2018-11-14T00:57:51","slug":"liderancas-e-movimentos-vao-acompanhar-depoimento-de-lula","status":"publish","type":"post","link":"https:\/\/www.caririemacao.com\/1\/2018\/11\/13\/liderancas-e-movimentos-vao-acompanhar-depoimento-de-lula\/","title":{"rendered":"Lideran\u00e7as e movimentos v\u00e3o acompanhar depoimento de Lula"},"content":{"rendered":"<p>Lideran\u00e7as partid\u00e1rias e\u00a0movimentos sociais\u00a0ir\u00e3o acompanhar o depoimento do<strong>\u00a0ex-presidente Luiz In\u00e1cio Lula da Silva<\/strong>\u00a0previsto para a pr\u00f3xima quarta-feira (14) em Curitiba. Esta ser\u00e1 a primeira vez que\u00a0Lula\u00a0deixa a sede da Superintend\u00eancia da Pol\u00edcia Federal desde que foi preso em 7 de abril deste ano. O ex-presidente ir\u00e1 depor \u00e0 ju\u00edza substituta da Lava Jato, Gabriela Hardt, sobre o processo do s\u00edtio de Atibaia.<\/p>\n<p>H\u00e1 sete meses,<strong>\u00a0Lula tornou-se preso pol\u00edtico<\/strong>\u00a0ap\u00f3s ser condenado em segunda inst\u00e2ncia no processo envolvendo um triplex na cidade do Guaruj\u00e1 que nunca foi dele. Sua condena\u00e7\u00e3o sem provas e com motiva\u00e7\u00e3o\u00a0<a title=\"pol\u00edtica\" href=\"http:\/\/www.pt.org.br\/tag\/politica-2\/\" target=\"_blank\" rel=\"noopener\">pol\u00edtica<\/a>\u00a0tem sido not\u00edcia em jornais do mundo todo.<\/p>\n<p>L\u00edder nas pesquisas eleitorais,\u00a0Lula\u00a0foi preso a exatos seis meses da elei\u00e7\u00e3o. Durante o processo eleitoral, at\u00e9 mesmo a\u00a0ONU\u00a0(Organiza\u00e7\u00e3o das Na\u00e7\u00f5es Unidas) emitiu decis\u00e3o exigindo que fosse respeitado o direito de Lula concorrer \u00e0s elei\u00e7\u00f5es, ordem que n\u00e3o foi cumprida pelas autoridades brasileiras.<\/p>\n<p>Reunido nesta segunda-feira (12), o Comit\u00ea Nacional\u00a0Lula Livre, composto pelas frentes Brasil Popular, Povo sem Medo, Partido dos Trabalhadores e demais movimentos, informou que ir\u00e1 acompanhar Lula em mais esse epis\u00f3dio de persegui\u00e7\u00e3o contra o ex-presidente e seu legado.<\/p>\n<p>A presidenta do\u00a0PT, senadora\u00a0Gleisi Hoffmann, o l\u00edder da bancada petista na C\u00e2mara,\u00a0Paulo Pimenta, e lideran\u00e7as de diversos movimentos sociais estar\u00e3o em Curitiba para defender Lula e pedir um julgamento justo para o presidente.<\/p>\n","protected":false},"excerpt":{"rendered":"<p>Lideran\u00e7as partid\u00e1rias e\u00a0movimentos sociais\u00a0ir\u00e3o acompanhar o depoimento do\u00a0ex-presidente Luiz In\u00e1cio Lula da Silva\u00a0previsto para a pr\u00f3xima quarta-feira (14) em Curitiba. Esta ser\u00e1 a primeira vez&hellip; <\/p>\n","protected":false},"author":1,"featured_media":72841,"comment_status":"closed","ping_status":"closed","sticky":false,"template":"","format":"standard","meta":{"sfsi_plus_gutenberg_text_before_share":"","sfsi_plus_gutenberg_show_text_before_share":"","sfsi_plus_gutenberg_icon_type":"","sfsi_plus_gutenberg_icon_alignemt":"","sfsi_plus_gutenburg_max_per_row":"","footnotes":""},"categories":[50,11],"tags":[],"class_list":["post-72840","post","type-post","status-publish","format-standard","has-post-thumbnail","hentry","category-destaque","category-politica"],"_links":{"self":[{"href":"https:\/\/www.caririemacao.com\/1\/wp-json\/wp\/v2\/posts\/72840","targetHints":{"allow":["GET"]}}],"collection":[{"href":"https:\/\/www.caririemacao.com\/1\/wp-json\/wp\/v2\/posts"}],"about":[{"href":"https:\/\/www.caririemacao.com\/1\/wp-json\/wp\/v2\/types\/post"}],"author":[{"embeddable":true,"href":"https:\/\/www.caririemacao.com\/1\/wp-json\/wp\/v2\/users\/1"}],"replies":[{"embeddable":true,"href":"https:\/\/www.caririemacao.com\/1\/wp-json\/wp\/v2\/comments?post=72840"}],"version-history":[{"count":1,"href":"https:\/\/www.caririemacao.com\/1\/wp-json\/wp\/v2\/posts\/72840\/revisions"}],"predecessor-version":[{"id":72842,"href":"https:\/\/www.caririemacao.com\/1\/wp-json\/wp\/v2\/posts\/72840\/revisions\/72842"}],"wp:featuredmedia":[{"embeddable":true,"href":"https:\/\/www.caririemacao.com\/1\/wp-json\/wp\/v2\/media\/72841"}],"wp:attachment":[{"href":"https:\/\/www.caririemacao.com\/1\/wp-json\/wp\/v2\/media?parent=72840"}],"wp:term":[{"taxonomy":"category","embeddable":true,"href":"https:\/\/www.caririemacao.com\/1\/wp-json\/wp\/v2\/categories?post=72840"},{"taxonomy":"post_tag","embeddable":true,"href":"https:\/\/www.caririemacao.com\/1\/wp-json\/wp\/v2\/tags?post=72840"}],"curies":[{"name":"wp","href":"https:\/\/api.w.org\/{rel}","templated":true}]}}