{"id":72844,"date":"2018-11-13T22:22:11","date_gmt":"2018-11-14T01:22:11","guid":{"rendered":"http:\/\/www.caririemacao.com\/1\/?p=72844"},"modified":"2018-11-13T22:22:11","modified_gmt":"2018-11-14T01:22:11","slug":"urgente-homem-e-assassinado-a-queima-roupa-no-centro-de-livramento","status":"publish","type":"post","link":"https:\/\/www.caririemacao.com\/1\/2018\/11\/13\/urgente-homem-e-assassinado-a-queima-roupa-no-centro-de-livramento\/","title":{"rendered":"Urgente: Homem \u00e9 assassinado a queima roupa no centro de Livramento"},"content":{"rendered":"<p>Um homem identificado como Galeguinho, cuja naturalidade \u00e9 desconhecida, mas convivia com uma mulher conhecida como Bambina em Livramento, foi assassinado a queima roupa na noite desta ter\u00e7a-feira (13).<\/p>\n<p>Galeguinho \u00e9 acusado de ter tentado roubar uma moto e \u00e9 conhecido da pol\u00edcia. A motiva\u00e7\u00e3o do crime \u00e9 completamente desconhecida, mas pela forma como foi assassinado, acredita-se que seja acerto de contas a partir de envolvimento com outros criminosos.<\/p>\n<p>Segundo populares, alguns homens o abordaram pr\u00f3ximo \u00e0 unidade do Samu e desferiram cerca de 5 tiros na regi\u00e3o do t\u00f3rax matando-o na hora.<\/p>\n<p><strong>De Olho no Cariri<\/strong><\/p>\n","protected":false},"excerpt":{"rendered":"<p>Um homem identificado como Galeguinho, cuja naturalidade \u00e9 desconhecida, mas convivia com uma mulher conhecida como Bambina em Livramento, foi assassinado a queima roupa na&hellip; <\/p>\n","protected":false},"author":1,"featured_media":15928,"comment_status":"closed","ping_status":"closed","sticky":false,"template":"","format":"standard","meta":{"sfsi_plus_gutenberg_text_before_share":"","sfsi_plus_gutenberg_show_text_before_share":"","sfsi_plus_gutenberg_icon_type":"","sfsi_plus_gutenberg_icon_alignemt":"","sfsi_plus_gutenburg_max_per_row":"","footnotes":""},"categories":[12],"tags":[],"class_list":["post-72844","post","type-post","status-publish","format-standard","has-post-thumbnail","hentry","category-policia"],"_links":{"self":[{"href":"https:\/\/www.caririemacao.com\/1\/wp-json\/wp\/v2\/posts\/72844","targetHints":{"allow":["GET"]}}],"collection":[{"href":"https:\/\/www.caririemacao.com\/1\/wp-json\/wp\/v2\/posts"}],"about":[{"href":"https:\/\/www.caririemacao.com\/1\/wp-json\/wp\/v2\/types\/post"}],"author":[{"embeddable":true,"href":"https:\/\/www.caririemacao.com\/1\/wp-json\/wp\/v2\/users\/1"}],"replies":[{"embeddable":true,"href":"https:\/\/www.caririemacao.com\/1\/wp-json\/wp\/v2\/comments?post=72844"}],"version-history":[{"count":1,"href":"https:\/\/www.caririemacao.com\/1\/wp-json\/wp\/v2\/posts\/72844\/revisions"}],"predecessor-version":[{"id":72845,"href":"https:\/\/www.caririemacao.com\/1\/wp-json\/wp\/v2\/posts\/72844\/revisions\/72845"}],"wp:featuredmedia":[{"embeddable":true,"href":"https:\/\/www.caririemacao.com\/1\/wp-json\/wp\/v2\/media\/15928"}],"wp:attachment":[{"href":"https:\/\/www.caririemacao.com\/1\/wp-json\/wp\/v2\/media?parent=72844"}],"wp:term":[{"taxonomy":"category","embeddable":true,"href":"https:\/\/www.caririemacao.com\/1\/wp-json\/wp\/v2\/categories?post=72844"},{"taxonomy":"post_tag","embeddable":true,"href":"https:\/\/www.caririemacao.com\/1\/wp-json\/wp\/v2\/tags?post=72844"}],"curies":[{"name":"wp","href":"https:\/\/api.w.org\/{rel}","templated":true}]}}