{"id":72855,"date":"2018-11-14T07:14:47","date_gmt":"2018-11-14T10:14:47","guid":{"rendered":"http:\/\/www.caririemacao.com\/1\/?p=72855"},"modified":"2018-11-14T07:14:47","modified_gmt":"2018-11-14T10:14:47","slug":"periodo-epidemico-faz-ministerio-da-saude-lancar-campanha-de-combate-ao-aedes-aegypti","status":"publish","type":"post","link":"https:\/\/www.caririemacao.com\/1\/2018\/11\/14\/periodo-epidemico-faz-ministerio-da-saude-lancar-campanha-de-combate-ao-aedes-aegypti\/","title":{"rendered":"Per\u00edodo &#8216;epid\u00eamico&#8217; faz Minist\u00e9rio da Sa\u00fade lan\u00e7ar campanha de combate ao Aedes aegypti"},"content":{"rendered":"<p>Com o slogan &#8220;O perigo \u00e9 para todos. O combate tamb\u00e9m. Fa\u00e7a sua parte. Com a\u00e7\u00f5es simples podemos combater o mosquito&#8221;, a campanha a campanha lan\u00e7ada nesta ter\u00e7a-feira (13) pelo\u00a0Minist\u00e9rio da Sa\u00fade visa combater por meio da conscientiza\u00e7\u00e3o da popula\u00e7\u00e3o, o mosquito Aedes aegypti.\u00a0Os meses de novembro a maio\u00a0s\u00e3o considerados o per\u00edodo epid\u00eamico para as doen\u00e7as transmitidas pelo Aedes aegypti, que transmite dengue, zika e chikungunya.<\/p>\n<p>Dados nacionais apontam redu\u00e7\u00e3o nas tr\u00eas doen\u00e7as transmitidas pelo Aedes aegypti, entre janeiro a outubro de 2018, em compara\u00e7\u00e3o com o mesmo per\u00edodo de 2017, por\u00e9m, alguns estados apresentam aumento expressivo de casos de dengue, Zika ou chikungunya. Por isso, \u00e9 necess\u00e1rio intensificar agora as a\u00e7\u00f5es de elimina\u00e7\u00e3o do foco do mosquito para evitar surtos e epidemias das tr\u00eas doen\u00e7as no ver\u00e3o.<\/p>\n<p>Os meses de novembro a maio s\u00e3o considerados o per\u00edodo epid\u00eamico para as doen\u00e7as transmitidas pelo Aedes aegypti, porque o calor e as chuvas s\u00e3o condi\u00e7\u00f5es ideais para a prolifera\u00e7\u00e3o do mosquito. \u201c\u00c9 o momento em que todos &#8211; Uni\u00e3o, estado e munic\u00edpios, e a popula\u00e7\u00e3o em geral &#8211; devem ter maior aten\u00e7\u00e3o e intensificar os esfor\u00e7os para n\u00e3o deixar a larva do mosquito nascer. No caso da popula\u00e7\u00e3o, al\u00e9m dos cuidados, como n\u00e3o deixar \u00e1gua parada nos vasos de plantas, \u00e9 poss\u00edvel verificar melhor as resid\u00eancias, apoiando o trabalho dos agentes de endemias\u201d, explica o coordenador do Programa Nacional de Controle da Dengue do Minist\u00e9rio da Sa\u00fade, Divino Martins.<\/p>\n<p>De acordo com o coordenador, os agentes de endemias utilizam tr\u00eas t\u00e9cnicas simples, que levam cerca de 10 minutos, para vistoriar casas, apartamentos e espa\u00e7os abertos. \u201cOs agentes de endemias est\u00e3o nas ruas vistoriando todos os espa\u00e7os em todo o pa\u00eds. Contudo, a popula\u00e7\u00e3o pode se empoderar tamb\u00e9m dessas t\u00e9cnicas e se antecipar \u00e0 visita dos agentes. Durante os meses que antecedem o ver\u00e3o e ao longo de 2019, o Minist\u00e9rio da Sa\u00fade vai fazer o alerta contra o mosquito e ensinar, por meio de v\u00eddeos tutoriais nas redes sociais, entre outros meios, como s\u00e3o essas t\u00e9cnicas. Al\u00e9m dos 60 mil agentes de endemia, a pasta quer contar com os mais de 200 milh\u00f5es de brasileiros para serem multiplicadores dessas a\u00e7\u00f5es\u201d, destaca o coordenador Divino Martins.<\/p>\n<p>Al\u00e9m do lan\u00e7amento da campanha, est\u00e1 prevista ainda, para o final de novembro, a Semana de Mobiliza\u00e7\u00e3o Integrada para o Combate ao Aedes aegypti. No total, 210 mil unidades p\u00fablicas e privadas de todo o pa\u00eds est\u00e3o sendo mobilizadas, sendo 146 mil escolas da rede b\u00e1sica, 11 mil centros de assist\u00eancia social e 53 mil unidades de sa\u00fade. A Sala Nacional de Coordena\u00e7\u00e3o e Controle (SNCC) orientou estados e munic\u00edpios a realizarem atividades para instruir as comunidades sobre a import\u00e2ncia da preven\u00e7\u00e3o e combate ao mosquito. Tamb\u00e9m est\u00e1 prevista a mobiliza\u00e7\u00e3o da popula\u00e7\u00e3o em geral, por meio do slogan \u2018S\u00e1bado sem mosquito. Com a\u00e7\u00f5es simples, podemos combater o Aedes aegypti\u2019. Os \u00f3rg\u00e3os p\u00fablicos tamb\u00e9m far\u00e3o vistorias em seus pr\u00e9dios.<\/p>\n<figure><img decoding=\"async\" data-src=\"https:\/\/www.clickpb.com.br\/media\/filer_public\/f7\/b9\/f7b9bd17-6881-4bd0-b3cd-ebb2bf3c59e8\/combate-aedes-portal.jpg\" data-image=\"107050\" src=\"data:image\/svg+xml;base64,PHN2ZyB3aWR0aD0iMSIgaGVpZ2h0PSIxIiB4bWxucz0iaHR0cDovL3d3dy53My5vcmcvMjAwMC9zdmciPjwvc3ZnPg==\" class=\"lazyload\" \/><\/figure>\n","protected":false},"excerpt":{"rendered":"<p>Com o slogan &#8220;O perigo \u00e9 para todos. O combate tamb\u00e9m. Fa\u00e7a sua parte. Com a\u00e7\u00f5es simples podemos combater o mosquito&#8221;, a campanha a campanha&hellip; <\/p>\n","protected":false},"author":1,"featured_media":72856,"comment_status":"closed","ping_status":"closed","sticky":false,"template":"","format":"standard","meta":{"sfsi_plus_gutenberg_text_before_share":"","sfsi_plus_gutenberg_show_text_before_share":"","sfsi_plus_gutenberg_icon_type":"","sfsi_plus_gutenberg_icon_alignemt":"","sfsi_plus_gutenburg_max_per_row":"","footnotes":""},"categories":[16],"tags":[],"class_list":["post-72855","post","type-post","status-publish","format-standard","has-post-thumbnail","hentry","category-saude"],"_links":{"self":[{"href":"https:\/\/www.caririemacao.com\/1\/wp-json\/wp\/v2\/posts\/72855","targetHints":{"allow":["GET"]}}],"collection":[{"href":"https:\/\/www.caririemacao.com\/1\/wp-json\/wp\/v2\/posts"}],"about":[{"href":"https:\/\/www.caririemacao.com\/1\/wp-json\/wp\/v2\/types\/post"}],"author":[{"embeddable":true,"href":"https:\/\/www.caririemacao.com\/1\/wp-json\/wp\/v2\/users\/1"}],"replies":[{"embeddable":true,"href":"https:\/\/www.caririemacao.com\/1\/wp-json\/wp\/v2\/comments?post=72855"}],"version-history":[{"count":1,"href":"https:\/\/www.caririemacao.com\/1\/wp-json\/wp\/v2\/posts\/72855\/revisions"}],"predecessor-version":[{"id":72857,"href":"https:\/\/www.caririemacao.com\/1\/wp-json\/wp\/v2\/posts\/72855\/revisions\/72857"}],"wp:featuredmedia":[{"embeddable":true,"href":"https:\/\/www.caririemacao.com\/1\/wp-json\/wp\/v2\/media\/72856"}],"wp:attachment":[{"href":"https:\/\/www.caririemacao.com\/1\/wp-json\/wp\/v2\/media?parent=72855"}],"wp:term":[{"taxonomy":"category","embeddable":true,"href":"https:\/\/www.caririemacao.com\/1\/wp-json\/wp\/v2\/categories?post=72855"},{"taxonomy":"post_tag","embeddable":true,"href":"https:\/\/www.caririemacao.com\/1\/wp-json\/wp\/v2\/tags?post=72855"}],"curies":[{"name":"wp","href":"https:\/\/api.w.org\/{rel}","templated":true}]}}