{"id":72860,"date":"2018-11-14T07:22:39","date_gmt":"2018-11-14T10:22:39","guid":{"rendered":"http:\/\/www.caririemacao.com\/1\/?p=72860"},"modified":"2018-11-14T07:23:53","modified_gmt":"2018-11-14T10:23:53","slug":"conheca-os-nomes-ja-confirmados-para-equipe-ministerial-de-bolsonaro","status":"publish","type":"post","link":"https:\/\/www.caririemacao.com\/1\/2018\/11\/14\/conheca-os-nomes-ja-confirmados-para-equipe-ministerial-de-bolsonaro\/","title":{"rendered":"Conhe\u00e7a os nomes j\u00e1 confirmados para equipe ministerial de Bolsonaro"},"content":{"rendered":"<p>Duas semanas depois do segundo turno, o presidente eleito Jair Bolsonaro confirmou sete nomes da sua equipe ministerial. Alguns escolhidos atuam diretamente no governo de transi\u00e7\u00e3o. Nas declara\u00e7\u00f5es p\u00fablicas, Bolsonaro avisou que pretende reduzir de 29 para de 15 a 17 o n\u00famero de minist\u00e9rios, extinguindo pastas e fundindo outras.<\/p>\n<p>J\u00e1 foram confirmados nos respectivos cargos os seguintes nomes:<\/p>\n<h2>Onyx Lorenzoni<\/h2>\n<p>Deputado federal pelo DEM do Rio Grande do Sul, assumir\u00e1 a Casa Civil. Por enquanto, atua como ministro extraordin\u00e1rio da transi\u00e7\u00e3o.<\/p>\n<div class=\"dnd-widget-wrapper context-cheio_8colunas type-image\">\n<div class=\"dnd-atom-rendered\">\n<figure class=\"mejs-fotoh-wrapper\"><img decoding=\"async\" class=\"img-responsive full full lazyload\" title=\"Valter Campanato\/Ag\u00eancia Brasil\" data-src=\"http:\/\/imagens.ebc.com.br\/ZBWIb9U-HMnTEXC3cXLeT78jfU4=\/754x0\/smart\/http:\/\/agenciabrasil.ebc.com.br\/sites\/default\/files\/thumbnails\/image\/vac_abr_12112018_6577.jpg?itok=LEm5Y32n\" alt=\"O ministro extraordin\u00e1rio do governo de transi\u00e7\u00e3o do presidente eleito Jair Bolsonaro, Onyx Lorenzoni, fala \u00e0 imprensa no Centro Cultural Banco do Brasil (CCBB), em Bras\u00edlia.\" src=\"data:image\/svg+xml;base64,PHN2ZyB3aWR0aD0iMSIgaGVpZ2h0PSIxIiB4bWxucz0iaHR0cDovL3d3dy53My5vcmcvMjAwMC9zdmciPjwvc3ZnPg==\" \/><\/figure>\n<\/div>\n<div class=\"dnd-caption-wrapper\">\n<div class=\"meta\">Onyx Lorenzoni\u00a0&#8211;\u00a0<strong>Valter Campanato\/Arquivo\/Ag\u00eancia Brasil<\/strong><\/div>\n<\/div>\n<\/div>\n<h2>General Augusto Heleno Ribeiro Pereira<\/h2>\n<p>Oficial da reserva, assumir\u00e1 o Gabinete de Seguran\u00e7a Institucional (GSI). \u00c9 chamado de \u201cconselheiro\u201d pelo presidente eleito.<\/p>\n<div class=\"dnd-widget-wrapper context-cheio_8colunas type-image\">\n<div class=\"dnd-atom-rendered\">\n<figure class=\"mejs-fotoh-wrapper\"><img decoding=\"async\" class=\"img-responsive full full lazyload\" title=\"Antonio Cruz\/ Ag\u00eancia Brasil\" data-src=\"http:\/\/imagens.ebc.com.br\/0W4M4KygknkD59lM_9Wfa90fzQM=\/754x0\/smart\/http:\/\/agenciabrasil.ebc.com.br\/sites\/default\/files\/thumbnails\/image\/antcrz_abr_0811187008.jpg?itok=yLOZHqHm\" alt=\"O general da reserva Augusto Heleno, indicado para ministro-chefe do Gabinete de Seguran\u00e7a Institucional (GSI), fala \u00e0 imprensa no Centro Cultural Banco do Brasil (CCBB), em Bras\u00edlia, onde funciona o gabinete de transi\u00e7\u00e3o de governo. \" src=\"data:image\/svg+xml;base64,PHN2ZyB3aWR0aD0iMSIgaGVpZ2h0PSIxIiB4bWxucz0iaHR0cDovL3d3dy53My5vcmcvMjAwMC9zdmciPjwvc3ZnPg==\" \/><\/figure>\n<\/div>\n<div class=\"dnd-caption-wrapper\">\n<div class=\"meta\">General Augusto Heleno\u00a0&#8211;\u00a0<strong>Antonio Cruz\/Arquivo\/Ag\u00eancia Brasil<\/strong><\/div>\n<\/div>\n<\/div>\n<h2>Paulo Guedes<\/h2>\n<p>Economista que acompanhou Bolsonaro durante a campanha, ocupar\u00e1 o Minist\u00e9rio da Economia (unindo Fazenda, Planejamento e Ind\u00fastria e Com\u00e9rcio).<\/p>\n<div class=\"dnd-widget-wrapper context-cheio_8colunas type-image\">\n<div class=\"dnd-atom-rendered\">\n<figure class=\"mejs-fotoh-wrapper\"><img decoding=\"async\" class=\"img-responsive full full lazyload\" title=\"Marcello Casal jr\/Ag\u00eancia Brasil\" data-src=\"http:\/\/imagens.ebc.com.br\/kj_zotoQz8mcRPjafv8tTBzE28E=\/754x0\/smart\/http:\/\/agenciabrasil.ebc.com.br\/sites\/default\/files\/thumbnails\/image\/mca_abr_0611186834.jpg?itok=qINx7iRV\" alt=\"O economista Paulo Guedes, que assumir\u00e1, no governo de Jair Bolsonaro (PSL), o rec\u00e9m-criado Minist\u00e9rio da Economia, se re\u00fane com o atual ministro da Fazenda, Eduardo Guardia\" src=\"data:image\/svg+xml;base64,PHN2ZyB3aWR0aD0iMSIgaGVpZ2h0PSIxIiB4bWxucz0iaHR0cDovL3d3dy53My5vcmcvMjAwMC9zdmciPjwvc3ZnPg==\" \/><\/figure>\n<\/div>\n<div class=\"dnd-caption-wrapper\">\n<div class=\"meta\">Paulo Guedes\u00a0&#8211;\u00a0<strong>Marcello Casal Jr.\/Ag\u00eancia Brasil\/Arquivo\/Ag\u00eancia Brasil<\/strong><\/div>\n<\/div>\n<\/div>\n<h2>Sergio Moro<\/h2>\n<p>Juiz federal, respons\u00e1vel pelos processos da Opera\u00e7\u00e3o Lava Jato, assumir\u00e1 o Minist\u00e9rio da Justi\u00e7a (fus\u00e3o com a Secretaria de Seguran\u00e7a P\u00fablica e Conselho de Controle de Atividades Financeiras, Coaf).<\/p>\n<div class=\"dnd-widget-wrapper context-cheio_8colunas type-image\">\n<div class=\"dnd-atom-rendered\">\n<figure class=\"mejs-fotoh-wrapper\"><img decoding=\"async\" class=\"img-responsive full full lazyload\" title=\"Fabio Rodrigues Pozzebom\/Ag\u00eancia Brasil\" data-src=\"http:\/\/imagens.ebc.com.br\/0ojbItsFU7w4lRUheZOZJMNZYSQ=\/754x0\/smart\/http:\/\/agenciabrasil.ebc.com.br\/sites\/default\/files\/thumbnails\/image\/fcpzzb_abr_0811187027.jpg?itok=m3LAmEI2\" alt=\"O futuro ministro da Justi\u00e7a, juiz federal S\u00e9rgio Moro, durante coletiva de imprensa ap\u00f3s reuni\u00e3o com o atual ministro da pasta, Torquato Jardim.\" src=\"data:image\/svg+xml;base64,PHN2ZyB3aWR0aD0iMSIgaGVpZ2h0PSIxIiB4bWxucz0iaHR0cDovL3d3dy53My5vcmcvMjAwMC9zdmciPjwvc3ZnPg==\" \/><\/figure>\n<\/div>\n<div class=\"dnd-caption-wrapper\">\n<div class=\"meta\">Sergio Moro &#8211;\u00a0<strong>Fabio Rodrigues Pozzebom\/Arquivo\/Ag\u00eancia Brasil<\/strong><\/div>\n<\/div>\n<\/div>\n<h2>Marcos Pontes<\/h2>\n<p>Astronauta e pr\u00f3ximo ao Bolsonaro, ficar\u00e1 \u00e0 frente do Minist\u00e9rio de Ci\u00eancia e Tecnologia, que dever\u00e1 agregar tamb\u00e9m a \u00e1rea do ensino superior.<\/p>\n<div class=\"dnd-widget-wrapper context-cheio_8colunas type-image\">\n<div class=\"dnd-atom-rendered\">\n<figure class=\"mejs-fotoh-wrapper\"><img decoding=\"async\" class=\"img-responsive full full lazyload\" title=\"Divulga\u00e7\u00e3o\/Nasa\" data-src=\"http:\/\/imagens.ebc.com.br\/SmGcD9TEIstr8NXuspRNMJDP6zI=\/754x0\/smart\/http:\/\/agenciabrasil.ebc.com.br\/sites\/default\/files\/atoms\/image\/marcos_pontes.jpg?itok=Nsxjzt5b\" alt=\"Astronauta Marcos Pontes (Divulga\u00e7\u00e3o\/Nasa)\" src=\"data:image\/svg+xml;base64,PHN2ZyB3aWR0aD0iMSIgaGVpZ2h0PSIxIiB4bWxucz0iaHR0cDovL3d3dy53My5vcmcvMjAwMC9zdmciPjwvc3ZnPg==\" \/><\/figure>\n<\/div>\n<div class=\"dnd-caption-wrapper\">\n<div class=\"meta\">Marcos Pontes &#8211;\u00a0<strong>Divulga\u00e7\u00e3o\/Arquivo\/Nasa<\/strong><\/div>\n<\/div>\n<\/div>\n<h2>Tereza Cristina<\/h2>\n<p>Deputada federal pelo DEM do Mato Grosso do Sul, engenheira agr\u00f4noma e empres\u00e1ria do agroneg\u00f3cios, assumir\u00e1 o Minist\u00e9rio da Agricultura.<\/p>\n<div class=\"dnd-widget-wrapper context-cheio_8colunas type-image\">\n<div class=\"dnd-atom-rendered\">\n<figure class=\"mejs-fotoh-wrapper\"><img decoding=\"async\" class=\"img-responsive full full lazyload\" title=\"Antonio Cruz\/ Ag\u00eancia Brasil\" data-src=\"http:\/\/imagens.ebc.com.br\/LaFUC1pBTyOIvIPiETCM9s83G8M=\/754x0\/smart\/http:\/\/agenciabrasil.ebc.com.br\/sites\/default\/files\/thumbnails\/image\/antcrz_abr_0811187012df.jpg?itok=rrEa9dMc\" alt=\"A futura ministra da Agricultura, Tereza Cristina fala aos jornalistas depois de reuni\u00e3o com a equipe de transi\u00e7\u00e3o no CCBB.\" src=\"data:image\/svg+xml;base64,PHN2ZyB3aWR0aD0iMSIgaGVpZ2h0PSIxIiB4bWxucz0iaHR0cDovL3d3dy53My5vcmcvMjAwMC9zdmciPjwvc3ZnPg==\" \/><\/figure>\n<\/div>\n<div class=\"dnd-caption-wrapper\">\n<div class=\"meta\">Tereza Cristina &#8211;\u00a0<strong>Antonio Cruz\/Arquivo\/Ag\u00eancia Brasil<\/strong><\/div>\n<\/div>\n<\/div>\n<h2>General Fernando Azevedo e Silva<\/h2>\n<p>\u00c9 militar da reserva e\u00a0atuou como assessor do presidente do Supremo Tribunal Federal, Dias Toffoli. Assumir\u00e1 o Minist\u00e9rio da Defesa.<\/p>\n<div class=\"dnd-widget-wrapper context-cheio_8colunas type-image\">\n<div class=\"dnd-atom-rendered\">\n<figure class=\"mejs-fotoh-wrapper\"><img decoding=\"async\" class=\"img-responsive full full lazyload\" title=\"Jos\u00e9 Cruz\/Ag\u00eancia Brasil\" data-src=\"http:\/\/imagens.ebc.com.br\/NKplNmJ-W1IQpqH6y7ETVBN52Ec=\/754x0\/smart\/http:\/\/agenciabrasil.ebc.com.br\/sites\/default\/files\/thumbnails\/image\/abr070513dsc_55222.jpg?itok=zDV70fh0\" alt=\"general Fernando Azevedo e Silva\" src=\"data:image\/svg+xml;base64,PHN2ZyB3aWR0aD0iMSIgaGVpZ2h0PSIxIiB4bWxucz0iaHR0cDovL3d3dy53My5vcmcvMjAwMC9zdmciPjwvc3ZnPg==\" \/><\/figure>\n<\/div>\n<div class=\"dnd-caption-wrapper\">\n<div class=\"meta\">General Fernando Azevedo e Silva &#8211;\u00a0<strong>Jos\u00e9 Cruz\/Arquivo\/Ag\u00eancia Brasil<\/strong><\/div>\n<\/div>\n<\/div>\n<div><\/div>\n<div>Ag\u00eancia Brasil<\/div>\n","protected":false},"excerpt":{"rendered":"<p>Duas semanas depois do segundo turno, o presidente eleito Jair Bolsonaro confirmou sete nomes da sua equipe ministerial. Alguns escolhidos atuam diretamente no governo de&hellip; <\/p>\n","protected":false},"author":1,"featured_media":72861,"comment_status":"closed","ping_status":"closed","sticky":false,"template":"","format":"standard","meta":{"sfsi_plus_gutenberg_text_before_share":"","sfsi_plus_gutenberg_show_text_before_share":"","sfsi_plus_gutenberg_icon_type":"","sfsi_plus_gutenberg_icon_alignemt":"","sfsi_plus_gutenburg_max_per_row":"","footnotes":""},"categories":[11],"tags":[],"class_list":["post-72860","post","type-post","status-publish","format-standard","has-post-thumbnail","hentry","category-politica"],"_links":{"self":[{"href":"https:\/\/www.caririemacao.com\/1\/wp-json\/wp\/v2\/posts\/72860","targetHints":{"allow":["GET"]}}],"collection":[{"href":"https:\/\/www.caririemacao.com\/1\/wp-json\/wp\/v2\/posts"}],"about":[{"href":"https:\/\/www.caririemacao.com\/1\/wp-json\/wp\/v2\/types\/post"}],"author":[{"embeddable":true,"href":"https:\/\/www.caririemacao.com\/1\/wp-json\/wp\/v2\/users\/1"}],"replies":[{"embeddable":true,"href":"https:\/\/www.caririemacao.com\/1\/wp-json\/wp\/v2\/comments?post=72860"}],"version-history":[{"count":1,"href":"https:\/\/www.caririemacao.com\/1\/wp-json\/wp\/v2\/posts\/72860\/revisions"}],"predecessor-version":[{"id":72862,"href":"https:\/\/www.caririemacao.com\/1\/wp-json\/wp\/v2\/posts\/72860\/revisions\/72862"}],"wp:featuredmedia":[{"embeddable":true,"href":"https:\/\/www.caririemacao.com\/1\/wp-json\/wp\/v2\/media\/72861"}],"wp:attachment":[{"href":"https:\/\/www.caririemacao.com\/1\/wp-json\/wp\/v2\/media?parent=72860"}],"wp:term":[{"taxonomy":"category","embeddable":true,"href":"https:\/\/www.caririemacao.com\/1\/wp-json\/wp\/v2\/categories?post=72860"},{"taxonomy":"post_tag","embeddable":true,"href":"https:\/\/www.caririemacao.com\/1\/wp-json\/wp\/v2\/tags?post=72860"}],"curies":[{"name":"wp","href":"https:\/\/api.w.org\/{rel}","templated":true}]}}