{"id":72863,"date":"2018-11-14T07:32:20","date_gmt":"2018-11-14T10:32:20","guid":{"rendered":"http:\/\/www.caririemacao.com\/1\/?p=72863"},"modified":"2018-11-14T07:32:20","modified_gmt":"2018-11-14T10:32:20","slug":"lula-e-interrogado-em-processo-da-lava-jato-que-apura-reformas-feitas-em-sitio-de-atibaia","status":"publish","type":"post","link":"https:\/\/www.caririemacao.com\/1\/2018\/11\/14\/lula-e-interrogado-em-processo-da-lava-jato-que-apura-reformas-feitas-em-sitio-de-atibaia\/","title":{"rendered":"Lula \u00e9 interrogado em processo da Lava Jato que apura reformas feitas em s\u00edtio de Atibaia"},"content":{"rendered":"<p>O ex-presidente Luiz In\u00e1cio Lula da Silva (PT) ser\u00e1 interrogado, em Curitiba, nesta quarta-feira (14). A audi\u00eancia \u2013 referente a um processo que investiga o s\u00edtio em Atibaia, propriedade de Fernando Bittar \u2013 est\u00e1 marcada para \u00e0s 14h, no pr\u00e9dio da Justi\u00e7a Federal. O interrogat\u00f3rio\u00a0ser\u00e1 conduzida pela ju\u00edza federal Gabriela Hardt.<\/p>\n<p>A reportagem do portal G1\u00a0destaca que segundo\u00a0o Minist\u00e9rio P\u00fablico Federal (MPF), &#8220;o ex-presidente recebeu propina de empresas como a OAS e a Odebrecht por meio da reforma e decora\u00e7\u00e3o no s\u00edtio Santa B\u00e1rbara, em Atibaia (SP)&#8221;, tese que j\u00e1 foi refutada por Fernando Bittar, o propriet\u00e1rio do im\u00f3vel.<\/p>\n<p>Segundo o portal, &#8220;Lula nega as acusa\u00e7\u00f5es e afirma n\u00e3o ser o dono do im\u00f3vel&#8221;, que tamb\u00e9m est\u00e1 no nome de s\u00f3cios de um dos filhos do ex-presidente. Bittar tamb\u00e9m havia explicado em depoimento que a sociedade foi para ter o direito de comprar toda a \u00e1rea e n\u00e3o s\u00f3 uma parte.<\/p>\n<p>G1<\/p>\n","protected":false},"excerpt":{"rendered":"<p>O ex-presidente Luiz In\u00e1cio Lula da Silva (PT) ser\u00e1 interrogado, em Curitiba, nesta quarta-feira (14). A audi\u00eancia \u2013 referente a um processo que investiga o&hellip; <\/p>\n","protected":false},"author":1,"featured_media":72865,"comment_status":"closed","ping_status":"closed","sticky":false,"template":"","format":"standard","meta":{"sfsi_plus_gutenberg_text_before_share":"","sfsi_plus_gutenberg_show_text_before_share":"","sfsi_plus_gutenberg_icon_type":"","sfsi_plus_gutenberg_icon_alignemt":"","sfsi_plus_gutenburg_max_per_row":"","footnotes":""},"categories":[11],"tags":[],"class_list":["post-72863","post","type-post","status-publish","format-standard","has-post-thumbnail","hentry","category-politica"],"_links":{"self":[{"href":"https:\/\/www.caririemacao.com\/1\/wp-json\/wp\/v2\/posts\/72863","targetHints":{"allow":["GET"]}}],"collection":[{"href":"https:\/\/www.caririemacao.com\/1\/wp-json\/wp\/v2\/posts"}],"about":[{"href":"https:\/\/www.caririemacao.com\/1\/wp-json\/wp\/v2\/types\/post"}],"author":[{"embeddable":true,"href":"https:\/\/www.caririemacao.com\/1\/wp-json\/wp\/v2\/users\/1"}],"replies":[{"embeddable":true,"href":"https:\/\/www.caririemacao.com\/1\/wp-json\/wp\/v2\/comments?post=72863"}],"version-history":[{"count":1,"href":"https:\/\/www.caririemacao.com\/1\/wp-json\/wp\/v2\/posts\/72863\/revisions"}],"predecessor-version":[{"id":72866,"href":"https:\/\/www.caririemacao.com\/1\/wp-json\/wp\/v2\/posts\/72863\/revisions\/72866"}],"wp:featuredmedia":[{"embeddable":true,"href":"https:\/\/www.caririemacao.com\/1\/wp-json\/wp\/v2\/media\/72865"}],"wp:attachment":[{"href":"https:\/\/www.caririemacao.com\/1\/wp-json\/wp\/v2\/media?parent=72863"}],"wp:term":[{"taxonomy":"category","embeddable":true,"href":"https:\/\/www.caririemacao.com\/1\/wp-json\/wp\/v2\/categories?post=72863"},{"taxonomy":"post_tag","embeddable":true,"href":"https:\/\/www.caririemacao.com\/1\/wp-json\/wp\/v2\/tags?post=72863"}],"curies":[{"name":"wp","href":"https:\/\/api.w.org\/{rel}","templated":true}]}}