{"id":72877,"date":"2018-11-14T09:28:26","date_gmt":"2018-11-14T12:28:26","guid":{"rendered":"http:\/\/www.caririemacao.com\/1\/?p=72877"},"modified":"2018-11-14T09:28:26","modified_gmt":"2018-11-14T12:28:26","slug":"prefeitura-de-prata-realiza-limpeza-no-lixao-municipal","status":"publish","type":"post","link":"https:\/\/www.caririemacao.com\/1\/2018\/11\/14\/prefeitura-de-prata-realiza-limpeza-no-lixao-municipal\/","title":{"rendered":"Prefeitura de Prata realiza limpeza no lix\u00e3o municipal"},"content":{"rendered":"<div class=\"contentPost\">\n<p>A Prefeitura de Prata, atrav\u00e9s da Secretaria de Infraestrutura, fez a limpeza do lix\u00e3o municipal. Todo o lixo foi retirado deixando a \u00e1rea totalmente limpa. Foram cavadas valas para que o lixo e os entulhos sejam enterrados.<\/p>\n<p>De acordo com o secret\u00e1rio de Infraestrutura, Edimar, a problem\u00e1tica do lix\u00e3o \u00e9 antiga e a atual administra\u00e7\u00e3o assumiu o governo sabendo das responsabilidades com o lixo e a gest\u00e3o est\u00e1 buscando solu\u00e7\u00f5es.<\/p>\n<p>&nbsp;<\/p>\n<\/div>\n","protected":false},"excerpt":{"rendered":"<p>A Prefeitura de Prata, atrav\u00e9s da Secretaria de Infraestrutura, fez a limpeza do lix\u00e3o municipal. Todo o lixo foi retirado deixando a \u00e1rea totalmente limpa.&hellip; <\/p>\n","protected":false},"author":1,"featured_media":72878,"comment_status":"closed","ping_status":"closed","sticky":false,"template":"","format":"standard","meta":{"sfsi_plus_gutenberg_text_before_share":"","sfsi_plus_gutenberg_show_text_before_share":"","sfsi_plus_gutenberg_icon_type":"","sfsi_plus_gutenberg_icon_alignemt":"","sfsi_plus_gutenburg_max_per_row":"","footnotes":""},"categories":[6],"tags":[],"class_list":["post-72877","post","type-post","status-publish","format-standard","has-post-thumbnail","hentry","category-cidades"],"_links":{"self":[{"href":"https:\/\/www.caririemacao.com\/1\/wp-json\/wp\/v2\/posts\/72877","targetHints":{"allow":["GET"]}}],"collection":[{"href":"https:\/\/www.caririemacao.com\/1\/wp-json\/wp\/v2\/posts"}],"about":[{"href":"https:\/\/www.caririemacao.com\/1\/wp-json\/wp\/v2\/types\/post"}],"author":[{"embeddable":true,"href":"https:\/\/www.caririemacao.com\/1\/wp-json\/wp\/v2\/users\/1"}],"replies":[{"embeddable":true,"href":"https:\/\/www.caririemacao.com\/1\/wp-json\/wp\/v2\/comments?post=72877"}],"version-history":[{"count":1,"href":"https:\/\/www.caririemacao.com\/1\/wp-json\/wp\/v2\/posts\/72877\/revisions"}],"predecessor-version":[{"id":72879,"href":"https:\/\/www.caririemacao.com\/1\/wp-json\/wp\/v2\/posts\/72877\/revisions\/72879"}],"wp:featuredmedia":[{"embeddable":true,"href":"https:\/\/www.caririemacao.com\/1\/wp-json\/wp\/v2\/media\/72878"}],"wp:attachment":[{"href":"https:\/\/www.caririemacao.com\/1\/wp-json\/wp\/v2\/media?parent=72877"}],"wp:term":[{"taxonomy":"category","embeddable":true,"href":"https:\/\/www.caririemacao.com\/1\/wp-json\/wp\/v2\/categories?post=72877"},{"taxonomy":"post_tag","embeddable":true,"href":"https:\/\/www.caririemacao.com\/1\/wp-json\/wp\/v2\/tags?post=72877"}],"curies":[{"name":"wp","href":"https:\/\/api.w.org\/{rel}","templated":true}]}}