{"id":72880,"date":"2018-11-14T09:39:53","date_gmt":"2018-11-14T12:39:53","guid":{"rendered":"http:\/\/www.caririemacao.com\/1\/?p=72880"},"modified":"2018-11-14T09:39:53","modified_gmt":"2018-11-14T12:39:53","slug":"prefeitos-de-50-cidades-da-pb-devem-assinar-tac-para-fim-dos-lixoes","status":"publish","type":"post","link":"https:\/\/www.caririemacao.com\/1\/2018\/11\/14\/prefeitos-de-50-cidades-da-pb-devem-assinar-tac-para-fim-dos-lixoes\/","title":{"rendered":"Prefeitos de 50 cidades da PB devem assinar TAC para fim dos lix\u00f5es"},"content":{"rendered":"<p>Prefeitos de 50 munic\u00edpios da 2\u00aa microrregi\u00e3o da Para\u00edba t\u00eam at\u00e9 o dia 6 de dezembro para assinarem o acordo de n\u00e3o persecu\u00e7\u00e3o penal e o termo de ajustamento de conduta (TAC) com o Minist\u00e9rio P\u00fablico da Para\u00edba (MPPB) para encerrar os lix\u00f5es. A data foi informada na tarde desta ter\u00e7a-feira (13), durante reuni\u00e3o com os prefeitos realizada no audit\u00f3rio da Universidade Estadual da Para\u00edba (UEPB), em Guarabira.<\/p>\n<p>Os gestores receberam duas minutas: uma de um acordo de n\u00e3o persecu\u00e7\u00e3o penal no qual o munic\u00edpio se compromete a, no prazo de um ano, n\u00e3o destinar mais os res\u00edduos s\u00f3lidos para os lix\u00f5es. A segunda de um termo de ajustamento de conduta para a recupera\u00e7\u00e3o da \u00e1rea degradada, no prazo de cinco anos.<\/p>\n<p>O procurador-geral de Justi\u00e7a, Francisco Ser\u00e1phico Ferraz da N\u00f3brega Filho, abriu a reuni\u00e3o, destacando que a inten\u00e7\u00e3o do Minist\u00e9rio P\u00fablico \u00e9 resolver o problema dos lix\u00f5es na Para\u00edba. Ele contou que na regi\u00e3o do Litoral todos os prefeitos assinaram os dois termos com o MPPB.<\/p>\n<p>O procurador de Justi\u00e7a Francisco Sagres informou que, em contato com a Superintend\u00eancia de Administra\u00e7\u00e3o do Meio Ambiente do Estado da Para\u00edba (Sudema), a licen\u00e7a ambiental para o funcionamento do aterro sanit\u00e1rio de Guarabira, que receber\u00e1 os res\u00edduos do cons\u00f3rcio formado por 25 munic\u00edpios da regi\u00e3o, dever\u00e1 ser efetivada at\u00e9 fevereiro de 2019.<\/p>\n<p>&nbsp;<\/p>\n<p style=\"text-align: right;\"><strong><em>G1\/Reprodu\u00e7\u00e3o<\/em><\/strong><\/p>\n","protected":false},"excerpt":{"rendered":"<p>Prefeitos de 50 munic\u00edpios da 2\u00aa microrregi\u00e3o da Para\u00edba t\u00eam at\u00e9 o dia 6 de dezembro para assinarem o acordo de n\u00e3o persecu\u00e7\u00e3o penal e&hellip; <\/p>\n","protected":false},"author":1,"featured_media":72881,"comment_status":"closed","ping_status":"closed","sticky":false,"template":"","format":"standard","meta":{"sfsi_plus_gutenberg_text_before_share":"","sfsi_plus_gutenberg_show_text_before_share":"","sfsi_plus_gutenberg_icon_type":"","sfsi_plus_gutenberg_icon_alignemt":"","sfsi_plus_gutenburg_max_per_row":"","footnotes":""},"categories":[2],"tags":[],"class_list":["post-72880","post","type-post","status-publish","format-standard","has-post-thumbnail","hentry","category-geral"],"_links":{"self":[{"href":"https:\/\/www.caririemacao.com\/1\/wp-json\/wp\/v2\/posts\/72880","targetHints":{"allow":["GET"]}}],"collection":[{"href":"https:\/\/www.caririemacao.com\/1\/wp-json\/wp\/v2\/posts"}],"about":[{"href":"https:\/\/www.caririemacao.com\/1\/wp-json\/wp\/v2\/types\/post"}],"author":[{"embeddable":true,"href":"https:\/\/www.caririemacao.com\/1\/wp-json\/wp\/v2\/users\/1"}],"replies":[{"embeddable":true,"href":"https:\/\/www.caririemacao.com\/1\/wp-json\/wp\/v2\/comments?post=72880"}],"version-history":[{"count":1,"href":"https:\/\/www.caririemacao.com\/1\/wp-json\/wp\/v2\/posts\/72880\/revisions"}],"predecessor-version":[{"id":72883,"href":"https:\/\/www.caririemacao.com\/1\/wp-json\/wp\/v2\/posts\/72880\/revisions\/72883"}],"wp:featuredmedia":[{"embeddable":true,"href":"https:\/\/www.caririemacao.com\/1\/wp-json\/wp\/v2\/media\/72881"}],"wp:attachment":[{"href":"https:\/\/www.caririemacao.com\/1\/wp-json\/wp\/v2\/media?parent=72880"}],"wp:term":[{"taxonomy":"category","embeddable":true,"href":"https:\/\/www.caririemacao.com\/1\/wp-json\/wp\/v2\/categories?post=72880"},{"taxonomy":"post_tag","embeddable":true,"href":"https:\/\/www.caririemacao.com\/1\/wp-json\/wp\/v2\/tags?post=72880"}],"curies":[{"name":"wp","href":"https:\/\/api.w.org\/{rel}","templated":true}]}}