{"id":72889,"date":"2018-11-14T10:15:13","date_gmt":"2018-11-14T13:15:13","guid":{"rendered":"http:\/\/www.caririemacao.com\/1\/?p=72889"},"modified":"2018-11-14T10:15:13","modified_gmt":"2018-11-14T13:15:13","slug":"jovem-de-21-anos-e-assassinado-a-tiros-em-cidade-do-cariri","status":"publish","type":"post","link":"https:\/\/www.caririemacao.com\/1\/2018\/11\/14\/jovem-de-21-anos-e-assassinado-a-tiros-em-cidade-do-cariri\/","title":{"rendered":"Jovem de 21 anos \u00e9 assassinado a tiros em cidade do Cariri"},"content":{"rendered":"<p>Um homem foi assassinado a tiros na noite dessa ter\u00e7a-feira (13), na cidade de Livramento, no Cariri paraibano.<\/p>\n<p>Edson Ara\u00fajo dos Santos, de 21 anos, foi atingido por cerca de cinco tiros, no Centro da cidade e morreu no local.<\/p>\n<p>Ele era natural de Patos e, de acordo com Pol\u00edcia Militar, morava h\u00e1 poucos dias em Livramento.<\/p>\n<p>A motiva\u00e7\u00e3o e autoria do crime s\u00e3o desconhecidas mas a policia acredita em acerto de contas porque a v\u00edtima era suspeita de roubo de motos na regi\u00e3o.<\/p>\n<p style=\"text-align: right;\"><em><strong>Vitrine do Cariri\u00a0<\/strong><\/em><\/p>\n","protected":false},"excerpt":{"rendered":"<p>Um homem foi assassinado a tiros na noite dessa ter\u00e7a-feira (13), na cidade de Livramento, no Cariri paraibano. Edson Ara\u00fajo dos Santos, de 21 anos,&hellip; <\/p>\n","protected":false},"author":1,"featured_media":15441,"comment_status":"closed","ping_status":"closed","sticky":false,"template":"","format":"standard","meta":{"sfsi_plus_gutenberg_text_before_share":"","sfsi_plus_gutenberg_show_text_before_share":"","sfsi_plus_gutenberg_icon_type":"","sfsi_plus_gutenberg_icon_alignemt":"","sfsi_plus_gutenburg_max_per_row":"","footnotes":""},"categories":[12],"tags":[],"class_list":["post-72889","post","type-post","status-publish","format-standard","has-post-thumbnail","hentry","category-policia"],"_links":{"self":[{"href":"https:\/\/www.caririemacao.com\/1\/wp-json\/wp\/v2\/posts\/72889","targetHints":{"allow":["GET"]}}],"collection":[{"href":"https:\/\/www.caririemacao.com\/1\/wp-json\/wp\/v2\/posts"}],"about":[{"href":"https:\/\/www.caririemacao.com\/1\/wp-json\/wp\/v2\/types\/post"}],"author":[{"embeddable":true,"href":"https:\/\/www.caririemacao.com\/1\/wp-json\/wp\/v2\/users\/1"}],"replies":[{"embeddable":true,"href":"https:\/\/www.caririemacao.com\/1\/wp-json\/wp\/v2\/comments?post=72889"}],"version-history":[{"count":1,"href":"https:\/\/www.caririemacao.com\/1\/wp-json\/wp\/v2\/posts\/72889\/revisions"}],"predecessor-version":[{"id":72890,"href":"https:\/\/www.caririemacao.com\/1\/wp-json\/wp\/v2\/posts\/72889\/revisions\/72890"}],"wp:featuredmedia":[{"embeddable":true,"href":"https:\/\/www.caririemacao.com\/1\/wp-json\/wp\/v2\/media\/15441"}],"wp:attachment":[{"href":"https:\/\/www.caririemacao.com\/1\/wp-json\/wp\/v2\/media?parent=72889"}],"wp:term":[{"taxonomy":"category","embeddable":true,"href":"https:\/\/www.caririemacao.com\/1\/wp-json\/wp\/v2\/categories?post=72889"},{"taxonomy":"post_tag","embeddable":true,"href":"https:\/\/www.caririemacao.com\/1\/wp-json\/wp\/v2\/tags?post=72889"}],"curies":[{"name":"wp","href":"https:\/\/api.w.org\/{rel}","templated":true}]}}