{"id":73083,"date":"2018-11-15T09:05:05","date_gmt":"2018-11-15T12:05:05","guid":{"rendered":"http:\/\/www.caririemacao.com\/1\/?p=73083"},"modified":"2018-11-15T09:05:05","modified_gmt":"2018-11-15T12:05:05","slug":"flamengo-e-santos-se-enfrentam-por-reabilitacao-no-brasileiro","status":"publish","type":"post","link":"https:\/\/www.caririemacao.com\/1\/2018\/11\/15\/flamengo-e-santos-se-enfrentam-por-reabilitacao-no-brasileiro\/","title":{"rendered":"Flamengo e Santos se enfrentam por reabilita\u00e7\u00e3o no Brasileiro"},"content":{"rendered":"<p class=\"selectionShareable\">Flamengo e Santos se enfrentam em busca da reabilita\u00e7\u00e3o no\u00a0Campeonato Brasileiro\u00a0na tarde desta quinta-feira de feriado, \u00e0s 17h (de Bras\u00edlia), no Maracan\u00e3, pela 34\u00aa rodada.<\/p>\n<p class=\"selectionShareable\">O Rubro-Negro, terceiro colocado, n\u00e3o vence h\u00e1 tr\u00eas jogos \u2013 empates contra Palmeiras e Flamengo e derrota para o Botafogo. A disputa pelo t\u00edtulo ficou improv\u00e1vel: a diferen\u00e7a para o Verd\u00e3o agora \u00e9 de sete pontos.<\/p>\n<p class=\"selectionShareable selectionSharer\">O Santos perdeu para Palmeiras e Chapecoense e caiu para o oitavo lugar, com 46 pontos, um atr\u00e1s do Atl\u00e9tico-MG, o sexto e primeiro na zona de classifica\u00e7\u00e3o para a Libertadores da Am\u00e9rica em 2019.<\/p>\n<p class=\"selectionShareable selectionSharer\">Para vencer o ex-time, o t\u00e9cnico Dorival J\u00fanior tem apenas uma d\u00favida: Diego, d\u00favida por conta de um inc\u00f4modo muscular, ou Marlos Moreno. Ren\u00ea e Cuellas est\u00e3o suspensos.<\/p>\n<div class=\"mc-column content-text active-extra-styles selectionSharer\" data-block-type=\"unstyled\" data-block-weight=\"65\" data-block-id=\"3\">\n<p class=\"content-text__container  selectionShareable\" data-track-category=\"Link no Texto\" data-track-links=\"\">\u201cN\u00e3o gosto de esconder time. A \u00fanica d\u00favida \u00e9 em rela\u00e7\u00e3o ao Diego, que come\u00e7ou os trabalhos ontem. Fora isso, vamos com Par\u00e1, Diego e R\u00f4mulo como substitutos. O Diego \u00e9 titular do Flamengo. Jogador de excelente n\u00edvel. Teve um inc\u00f4modo contra o Botafogo. Ontem iniciou processo de trabalho em campo. Espero t\u00ea-lo em condi\u00e7\u00f5es e preparado para um jogo fundamental para nossas pretens\u00f5es\u201d, disse Dorival, em entrevista coletiva.<\/p>\n<figure id=\"attachment_2617248\" class=\"wp-caption aligncenter selectionSharer\" title=\"Flamengo e Santos voltam a se enfrentar no Brasileir\u00e3o (Fernando Dantas\/ Gazeta Press)\"><img fetchpriority=\"high\" decoding=\"async\" class=\"size-large wp-image-2617248\" src=\"https:\/\/www.gazetaesportiva.com\/wp-content\/uploads\/imagem\/2018\/07\/25\/01136722-1024x681.jpg\" sizes=\"(max-width: 900px) 100vw, 900px\" srcset=\"https:\/\/www.gazetaesportiva.com\/wp-content\/uploads\/imagem\/2018\/07\/25\/01136722-1024x681.jpg 1024w, https:\/\/www.gazetaesportiva.com\/wp-content\/uploads\/imagem\/2018\/07\/25\/01136722-360x240.jpg 360w, https:\/\/www.gazetaesportiva.com\/wp-content\/uploads\/imagem\/2018\/07\/25\/01136722-768x511.jpg 768w\" alt=\"\" width=\"900\" height=\"599\" \/><figcaption class=\"wp-caption-text\">Flamengo e Santos voltam a se enfrentar no Brasileir\u00e3o (Fernando Dantas\/ Gazeta Press)<\/figcaption><\/figure>\n<p class=\"selectionShareable selectionSharer\" data-track-category=\"Link no Texto\" data-track-links=\"\">O t\u00e9cnico Cuca tem v\u00e1rios problemas para escalar o Santos. Luiz Felipe, Lucas Ver\u00edssimo e Felippe Cardoso est\u00e3o no departamento m\u00e9dico; Bryan Ruiz, Carlos S\u00e1nchez e Derlis Gonz\u00e1lez foram convocados para as sele\u00e7\u00f5es da Costa Rica, Uruguai e Paraguai. Arthur Gomes e Rodrygo, desgastados fisicamente, s\u00e3o d\u00favidas.<\/p>\n<p class=\"selectionShareable selectionSharer\" data-track-category=\"Link no Texto\" data-track-links=\"\">Em compensa\u00e7\u00e3o, Victor Ferraz, Diego Pituca e Gabriel retornam ap\u00f3s o cumprimento de suspens\u00e3o. Kaique Rocha, de 17 anos, deve ser titular ao lado de Gustavo Henrique na defesa.<\/p>\n<p class=\"selectionShareable selectionSharer\" data-track-category=\"Link no Texto\" data-track-links=\"\">\u201cChegamos muito preparados, elenco \u00e9 bom, muito forte. Perda deles faz muita falta, s\u00e3o de suma import\u00e2ncia, queridos por todo grupo. Mas estamos preparados e muito fortes, conscientes do que podemos fazer\u201d, afirmou Gabigol, artilheiro do Brasileir\u00e3o.<\/p>\n<p class=\"selectionShareable selectionSharer\" data-track-category=\"Link no Texto\" data-track-links=\"\">No primeiro turno, Santos e Flamengo empataram em 1 a 1 na Vila Belmiro, pela 15\u00aa rodada. Gabigol e Bruno Henrique (contra) marcaram.<\/p>\n<\/div>\n<p class=\"selectionShareable selectionSharer\"><strong>FICHA T\u00c9CNICA<\/strong><br \/>\n<strong>Flamengo x Santos<\/strong><\/p>\n<p class=\"selectionShareable selectionSharer\"><strong>Local:<\/strong>\u00a0Maracan\u00e3, no Rio de Janeiro (RJ)<br \/>\n<strong>Data:<\/strong>\u00a015 de novembro de 2018 (quinta-feira)<br \/>\n<strong>Hor\u00e1rio:<\/strong>\u00a017h (de Bras\u00edlia)<br \/>\n<strong>\u00c1rbitro:<\/strong>\u00a0Paulo Roberto Alves Junior (PR)<br \/>\n<strong>Assistentes:<\/strong>\u00a0Luciano Roggenbaun e Luiz H Souza Santos Renesto<\/p>\n<p class=\"selectionShareable selectionSharer\"><strong>FLAMENGO:<\/strong>\u00a0C\u00e9sar, Rodinei, R\u00e9ver, L\u00e9o Duarte e Par\u00e1; Cuellar, Romulo, Diego (Marlos) e Everton Ribeiro; Vitinho e Uribe<br \/>\n<strong>T\u00e9cnico:<\/strong>\u00a0Dorival J\u00fanior<\/p>\n<p class=\"selectionShareable selectionSharer\"><strong>SANTOS:<\/strong>\u00a0Vanderlei, Victor Ferraz, Kaique Rocha, Gustavo Henrique e Dod\u00f4; Alison, Renato (Arthur Gomes) e Diego Pituca; Rodrygo (Eduardo Sasha), Bruno Henrique e Gabigol<br \/>\n<strong>T\u00e9cnico:<\/strong>\u00a0Cuca<\/p>\n<p>&nbsp;<\/p>\n<p>Gazeta Net<\/p>\n","protected":false},"excerpt":{"rendered":"<p>Flamengo e Santos se enfrentam em busca da reabilita\u00e7\u00e3o no\u00a0Campeonato Brasileiro\u00a0na tarde desta quinta-feira de feriado, \u00e0s 17h (de Bras\u00edlia), no Maracan\u00e3, pela 34\u00aa rodada.&hellip; <\/p>\n","protected":false},"author":1,"featured_media":45576,"comment_status":"closed","ping_status":"closed","sticky":false,"template":"","format":"standard","meta":{"sfsi_plus_gutenberg_text_before_share":"","sfsi_plus_gutenberg_show_text_before_share":"","sfsi_plus_gutenberg_icon_type":"","sfsi_plus_gutenberg_icon_alignemt":"","sfsi_plus_gutenburg_max_per_row":"","footnotes":""},"categories":[13],"tags":[],"class_list":["post-73083","post","type-post","status-publish","format-standard","has-post-thumbnail","hentry","category-esportes"],"_links":{"self":[{"href":"https:\/\/www.caririemacao.com\/1\/wp-json\/wp\/v2\/posts\/73083","targetHints":{"allow":["GET"]}}],"collection":[{"href":"https:\/\/www.caririemacao.com\/1\/wp-json\/wp\/v2\/posts"}],"about":[{"href":"https:\/\/www.caririemacao.com\/1\/wp-json\/wp\/v2\/types\/post"}],"author":[{"embeddable":true,"href":"https:\/\/www.caririemacao.com\/1\/wp-json\/wp\/v2\/users\/1"}],"replies":[{"embeddable":true,"href":"https:\/\/www.caririemacao.com\/1\/wp-json\/wp\/v2\/comments?post=73083"}],"version-history":[{"count":1,"href":"https:\/\/www.caririemacao.com\/1\/wp-json\/wp\/v2\/posts\/73083\/revisions"}],"predecessor-version":[{"id":73084,"href":"https:\/\/www.caririemacao.com\/1\/wp-json\/wp\/v2\/posts\/73083\/revisions\/73084"}],"wp:featuredmedia":[{"embeddable":true,"href":"https:\/\/www.caririemacao.com\/1\/wp-json\/wp\/v2\/media\/45576"}],"wp:attachment":[{"href":"https:\/\/www.caririemacao.com\/1\/wp-json\/wp\/v2\/media?parent=73083"}],"wp:term":[{"taxonomy":"category","embeddable":true,"href":"https:\/\/www.caririemacao.com\/1\/wp-json\/wp\/v2\/categories?post=73083"},{"taxonomy":"post_tag","embeddable":true,"href":"https:\/\/www.caririemacao.com\/1\/wp-json\/wp\/v2\/tags?post=73083"}],"curies":[{"name":"wp","href":"https:\/\/api.w.org\/{rel}","templated":true}]}}