{"id":73086,"date":"2018-11-15T09:14:00","date_gmt":"2018-11-15T12:14:00","guid":{"rendered":"http:\/\/www.caririemacao.com\/1\/?p=73086"},"modified":"2018-11-15T09:14:00","modified_gmt":"2018-11-15T12:14:00","slug":"entidades-educacionais-apresentam-propostas-ao-governo-de-transicao","status":"publish","type":"post","link":"https:\/\/www.caririemacao.com\/1\/2018\/11\/15\/entidades-educacionais-apresentam-propostas-ao-governo-de-transicao\/","title":{"rendered":"Entidades educacionais apresentam propostas ao governo de transi\u00e7\u00e3o"},"content":{"rendered":"<p>Dirigentes do Instituto Ayrton Senna e da organiza\u00e7\u00e3o Todos pela Educa\u00e7\u00e3o apresentaram nesta quarta-feira (14) ao governo de transi\u00e7\u00e3o do presidente eleito Jair Bolsonaro diagn\u00f3sticos e propostas para melhoria da educa\u00e7\u00e3o brasileira, conforme descreveram seus representantes, entre eles Viviane Senna. O grupo se reuniu com o ministro extraordin\u00e1rio da equipe de transi\u00e7\u00e3o, Onyx Lorenzoni, e depois, apenas Viviane Senna teve encontro\u00a0com\u00a0Bolsonaro.<\/p>\n<p>Os dirigentes de entidades educacionais explicaram que pediram aten\u00e7\u00e3o do pr\u00f3ximo governo para dois pontos: alfabetiza\u00e7\u00e3o e valoriza\u00e7\u00e3o de professores.<\/p>\n<p>\u201cFoi uma conversa para colocar as proposi\u00e7\u00f5es para educa\u00e7\u00e3o p\u00fablica brasileira no devido lugar, que \u00e9 o lugar t\u00e9cnico, lugar das propostas que t\u00eam evid\u00eancias, e n\u00e3o em uma discuss\u00e3o de cren\u00e7as\u201d, disse Priscila Fonseca da Cruz, presidente executiva do Todos pela Educa\u00e7\u00e3o.<\/p>\n<p>Priscila diz que o grupo destacou, entre outras medidas a necessidade da valoriza\u00e7\u00e3o dos professores.<\/p>\n<p>\u201cO professor \u00e9 o maior determinante de qualidade do ensino. N\u00e3o d\u00e1 para n\u00e3o ter atua\u00e7\u00e3o forte em pol\u00edticas docentes e professor valorizado\u201d, defende. Segundo ela, bandeiras para a educa\u00e7\u00e3o defendidas pelo presidente eleito, Jair Bolsonaro, como o Escola sem Partido e a educa\u00e7\u00e3o a dist\u00e2ncia n\u00e3o foram tratados no encontro.<\/p>\n<p>Durante a reuni\u00e3o com Onyx Lorenzoni, o economista Paes Barros, economista chefe do Instituto Ayrton Senna, apresentou um diagn\u00f3stico da educa\u00e7\u00e3o do pa\u00eds.<\/p>\n<p>Ele \u00e9 conhecido por ser um dos respons\u00e1veis pela concep\u00e7\u00e3o t\u00e9cnica do Programa Bolsa Fam\u00edlia. J\u00e1 Priscila Fonseca da Cruz falou sobre o\u00a0documento Educa\u00e7\u00e3o J\u00e1!, que re\u00fane medidas consideradas urgentes para a educa\u00e7\u00e3o. O texto foi apresentado, durante as elei\u00e7\u00f5es, a candidatos \u00e0 presid\u00eancia e para o futuro ministro da Economia, Paulo Guedes.<\/p>\n<div id=\"attachment_527124\" class=\"wp-caption aligncenter\"><img decoding=\"async\" class=\"wp-image-527124 size-medium lazyload\" data-src=\"https:\/\/paraibaonline.com.br\/wp-content\/uploads\/2018\/11\/BOLSONARO-ENTREVISTA-567x378.jpg\" data-srcset=\"https:\/\/paraibaonline.com.br\/wp-content\/uploads\/2018\/11\/BOLSONARO-ENTREVISTA-567x378.jpg 567w, https:\/\/paraibaonline.com.br\/wp-content\/uploads\/2018\/11\/BOLSONARO-ENTREVISTA.jpg 800w\" alt=\"Foto: Valter Campanato\/Ag\u00eancia Brasil\" src=\"data:image\/svg+xml;base64,PHN2ZyB3aWR0aD0iMSIgaGVpZ2h0PSIxIiB4bWxucz0iaHR0cDovL3d3dy53My5vcmcvMjAwMC9zdmciPjwvc3ZnPg==\" style=\"--smush-placeholder-width: 567px; --smush-placeholder-aspect-ratio: 567\/378;\" \/><\/p>\n<p class=\"wp-caption-text\">Foto: Valter Campanato\/Ag\u00eancia Brasil<\/p>\n<\/div>\n<p><strong>Bolsonaro<\/strong><\/p>\n<p>O diretor de Articula\u00e7\u00e3o e Inova\u00e7\u00e3o do Instituto Ayrton Senna, Mozart Ramos, disse que o encontro de hoje \u00e9 fruto de reuni\u00e3o que ocorreu durante as elei\u00e7\u00f5es, no Rio de Janeiro.<\/p>\n<p>Na ocasi\u00e3o, Viviane Senna foi convidada pelo presidente eleito para tratar de educa\u00e7\u00e3o. \u201cNessa reuni\u00e3o, ele disse que, caso fosse eleito, gostaria muito de ter a contribui\u00e7\u00e3o do instituto, pelo qual tinha grande admira\u00e7\u00e3o\u201d, diz.<\/p>\n<p>De acordo com Ramos, o diagn\u00f3stico da educa\u00e7\u00e3o brasileira apresentado pelo instituto mostrou como o setor pode contribuir para o desenvolvimento do pa\u00eds.<\/p>\n<p>\u201cEle tratou dos impactos da educa\u00e7\u00e3o nas desigualdades sociais e como a educa\u00e7\u00e3o pode ser importante\u201d, diz Ramos. \u201cA gente fala muito de economia, mas \u00e9 a educa\u00e7\u00e3o que promove, no mundo atual, esse novo desenvolvimento que o pa\u00eds est\u00e1 buscando\u201d.<\/p>\n<p>Segundo Ramos, por um atraso, a reuni\u00e3o desta quarta-feira com Onyx Lorenzoni, que deveria ter duas horas de dura\u00e7\u00e3o, foi reduzida. O grupo dever\u00e1 reunir-se novamente para aprofundar temas educacionais. A nova data ainda n\u00e3o foi definida.<\/p>\n<p><strong>Ministro da Educa\u00e7\u00e3o<\/strong><\/p>\n<p>Bolsonaro, ainda n\u00e3o anunciou quem assumir\u00e1 a pasta da Educa\u00e7\u00e3o. Diversos nomes circularam nos c\u00edrculos educacionais e imprensa nas \u00faltimas semanas, incluindo os de Ramos e de Viviane. Ramos tamb\u00e9m foi cotado para assumir a pasta da Educa\u00e7\u00e3o no governo de Michel Temer, mas recusou o convite.<\/p>\n<p>Em entrevista, o presidente eleito confirmou que recebeu Viviane Senna hoje e disse que busca um ministro da Educa\u00e7\u00e3o, mas evitou apont\u00e1-la como candidata.<\/p>\n<p>\u201cEstamos atr\u00e1s de um ministro da Educa\u00e7\u00e3o, n\u00e3o quer dizer que vai sair de uma sugest\u00e3o dela, nada est\u00e1 garantido no tocante a isso. Queremos um ministro que realmente seja bastante ativo, porque h\u00e1 um aparelhamento enorme na educa\u00e7\u00e3o e a prova disso \u00e9 que estamos nos \u00faltimos lugares da prova do Pisa [Programa Internacional de Avalia\u00e7\u00e3o dos Estudantes]\u201d, afirmou.<\/p>\n<p>Ag\u00eancia Brasil<\/p>\n","protected":false},"excerpt":{"rendered":"<p>Dirigentes do Instituto Ayrton Senna e da organiza\u00e7\u00e3o Todos pela Educa\u00e7\u00e3o apresentaram nesta quarta-feira (14) ao governo de transi\u00e7\u00e3o do presidente eleito Jair Bolsonaro diagn\u00f3sticos&hellip; <\/p>\n","protected":false},"author":1,"featured_media":73087,"comment_status":"closed","ping_status":"closed","sticky":false,"template":"","format":"standard","meta":{"sfsi_plus_gutenberg_text_before_share":"","sfsi_plus_gutenberg_show_text_before_share":"","sfsi_plus_gutenberg_icon_type":"","sfsi_plus_gutenberg_icon_alignemt":"","sfsi_plus_gutenburg_max_per_row":"","footnotes":""},"categories":[11],"tags":[],"class_list":["post-73086","post","type-post","status-publish","format-standard","has-post-thumbnail","hentry","category-politica"],"_links":{"self":[{"href":"https:\/\/www.caririemacao.com\/1\/wp-json\/wp\/v2\/posts\/73086","targetHints":{"allow":["GET"]}}],"collection":[{"href":"https:\/\/www.caririemacao.com\/1\/wp-json\/wp\/v2\/posts"}],"about":[{"href":"https:\/\/www.caririemacao.com\/1\/wp-json\/wp\/v2\/types\/post"}],"author":[{"embeddable":true,"href":"https:\/\/www.caririemacao.com\/1\/wp-json\/wp\/v2\/users\/1"}],"replies":[{"embeddable":true,"href":"https:\/\/www.caririemacao.com\/1\/wp-json\/wp\/v2\/comments?post=73086"}],"version-history":[{"count":1,"href":"https:\/\/www.caririemacao.com\/1\/wp-json\/wp\/v2\/posts\/73086\/revisions"}],"predecessor-version":[{"id":73088,"href":"https:\/\/www.caririemacao.com\/1\/wp-json\/wp\/v2\/posts\/73086\/revisions\/73088"}],"wp:featuredmedia":[{"embeddable":true,"href":"https:\/\/www.caririemacao.com\/1\/wp-json\/wp\/v2\/media\/73087"}],"wp:attachment":[{"href":"https:\/\/www.caririemacao.com\/1\/wp-json\/wp\/v2\/media?parent=73086"}],"wp:term":[{"taxonomy":"category","embeddable":true,"href":"https:\/\/www.caririemacao.com\/1\/wp-json\/wp\/v2\/categories?post=73086"},{"taxonomy":"post_tag","embeddable":true,"href":"https:\/\/www.caririemacao.com\/1\/wp-json\/wp\/v2\/tags?post=73086"}],"curies":[{"name":"wp","href":"https:\/\/api.w.org\/{rel}","templated":true}]}}