{"id":73101,"date":"2018-11-15T13:29:45","date_gmt":"2018-11-15T16:29:45","guid":{"rendered":"http:\/\/www.caririemacao.com\/1\/?p=73101"},"modified":"2018-11-15T13:29:45","modified_gmt":"2018-11-15T16:29:45","slug":"homem-tenta-matar-companheira-durante-visita-intima-em-presidio","status":"publish","type":"post","link":"https:\/\/www.caririemacao.com\/1\/2018\/11\/15\/homem-tenta-matar-companheira-durante-visita-intima-em-presidio\/","title":{"rendered":"Homem tenta matar companheira durante visita \u00edntima em pres\u00eddio"},"content":{"rendered":"<p>Um detento do pres\u00eddio padr\u00e3o de Catol\u00e9 do Rocha tentou matar a companheira durante uma visita \u00edntima nessa quarta-feira (14), ap\u00f3s um desentendimento do casal. A mulher foi socorrida ap\u00f3s outros detentos ouvirem gritos e arrombarem a porta do local.<\/p>\n<p>A v\u00edtima foi socorrida ap\u00f3s apresentar ferimentos no pesco\u00e7o e no abd\u00f4men.<\/p>\n<p>&nbsp;<\/p>\n<p>Para\u00edba Online<\/p>\n","protected":false},"excerpt":{"rendered":"<p>Um detento do pres\u00eddio padr\u00e3o de Catol\u00e9 do Rocha tentou matar a companheira durante uma visita \u00edntima nessa quarta-feira (14), ap\u00f3s um desentendimento do casal.&hellip; <\/p>\n","protected":false},"author":1,"featured_media":37820,"comment_status":"closed","ping_status":"closed","sticky":false,"template":"","format":"standard","meta":{"sfsi_plus_gutenberg_text_before_share":"","sfsi_plus_gutenberg_show_text_before_share":"","sfsi_plus_gutenberg_icon_type":"","sfsi_plus_gutenberg_icon_alignemt":"","sfsi_plus_gutenburg_max_per_row":"","footnotes":""},"categories":[12],"tags":[],"class_list":["post-73101","post","type-post","status-publish","format-standard","has-post-thumbnail","hentry","category-policia"],"_links":{"self":[{"href":"https:\/\/www.caririemacao.com\/1\/wp-json\/wp\/v2\/posts\/73101","targetHints":{"allow":["GET"]}}],"collection":[{"href":"https:\/\/www.caririemacao.com\/1\/wp-json\/wp\/v2\/posts"}],"about":[{"href":"https:\/\/www.caririemacao.com\/1\/wp-json\/wp\/v2\/types\/post"}],"author":[{"embeddable":true,"href":"https:\/\/www.caririemacao.com\/1\/wp-json\/wp\/v2\/users\/1"}],"replies":[{"embeddable":true,"href":"https:\/\/www.caririemacao.com\/1\/wp-json\/wp\/v2\/comments?post=73101"}],"version-history":[{"count":1,"href":"https:\/\/www.caririemacao.com\/1\/wp-json\/wp\/v2\/posts\/73101\/revisions"}],"predecessor-version":[{"id":73102,"href":"https:\/\/www.caririemacao.com\/1\/wp-json\/wp\/v2\/posts\/73101\/revisions\/73102"}],"wp:featuredmedia":[{"embeddable":true,"href":"https:\/\/www.caririemacao.com\/1\/wp-json\/wp\/v2\/media\/37820"}],"wp:attachment":[{"href":"https:\/\/www.caririemacao.com\/1\/wp-json\/wp\/v2\/media?parent=73101"}],"wp:term":[{"taxonomy":"category","embeddable":true,"href":"https:\/\/www.caririemacao.com\/1\/wp-json\/wp\/v2\/categories?post=73101"},{"taxonomy":"post_tag","embeddable":true,"href":"https:\/\/www.caririemacao.com\/1\/wp-json\/wp\/v2\/tags?post=73101"}],"curies":[{"name":"wp","href":"https:\/\/api.w.org\/{rel}","templated":true}]}}