{"id":73103,"date":"2018-11-15T13:38:33","date_gmt":"2018-11-15T16:38:33","guid":{"rendered":"http:\/\/www.caririemacao.com\/1\/?p=73103"},"modified":"2018-11-15T13:38:33","modified_gmt":"2018-11-15T16:38:33","slug":"prefeitura-da-paraiba-inscreve-para-concurso-publico","status":"publish","type":"post","link":"https:\/\/www.caririemacao.com\/1\/2018\/11\/15\/prefeitura-da-paraiba-inscreve-para-concurso-publico\/","title":{"rendered":"Prefeitura da Para\u00edba inscreve para concurso p\u00fablico"},"content":{"rendered":"<p>A Prefeitura de Cuitegi, na Para\u00edba, retifica novo Concurso P\u00fablico destinado ao provimento de 70 vagas atualmente existentes.<\/p>\n<p>O per\u00edodo destinado \u00e0 realiza\u00e7\u00e3o das inscri\u00e7\u00f5es foi adiado, sendo que, agora os interessados podem efetuar candidatura at\u00e9 o dia 9 de dezembro de 2018 (hor\u00e1rio local), por meio do endere\u00e7o eletr\u00f4nico<a href=\"http:\/\/cpcon.uepb.edu.br.\/\">\u00a0cpcon.uepb.edu.br.<\/a><\/p>\n<p>A taxa de participa\u00e7\u00e3o varia entre R$ 60,00 e R$ 100,00.<\/p>\n<p>Mais informa\u00e7\u00f5es podem ser obtidas no edital de abertura retificado dispon\u00edvel em nosso site.<\/p>\n<p>H\u00e1 oportunidades ofertadas neste certame para os seguintes cargos: Auxiliar de Servi\u00e7os Gerais (10), Auxiliar de Limpeza Urbana (5), Agente de Vigil\u00e2ncia Sanit\u00e1ria (1), Eletricista (1), Motorista Categoria D (3), Motorista Categoria B (3), Operador de M\u00e1quinas Pesadas (3), Porteiro (5), Agente Comunit\u00e1rio de Sa\u00fade (2), Motorista Socorrista (1), Motorista Plantonista (1), T\u00e9cnico Agropecu\u00e1rio\/ Agr\u00edcola (1), T\u00e9cnico em Enfermagem (1), T\u00e9cnico em Enfermagem PSF (1), Analista de Controle Interno (2), Engenheiro Civil (1), Enfermeiro PSF (2), M\u00e9dico PSF (1), Nutricionista (1), Odont\u00f3logo PSF (2), Pedagogo (1), Psic\u00f3logo (2), Procurador Jur\u00eddico (1), Professor de Educa\u00e7\u00e3o Especial \u2013 AEE (2), Professor de Educa\u00e7\u00e3o Infantil (6), Professor N2 nas disciplinas de Portugu\u00eas (1), Matem\u00e1tica (2), Geografia (1), Hist\u00f3ria (1), Ci\u00eancias (1), Educa\u00e7\u00e3o F\u00edsica (1) e Ingl\u00eas (1), e Supervisor Escolar (3).<\/p>\n<div id=\"attachment_59936\" class=\"wp-caption aligncenter\"><img decoding=\"async\" class=\"wp-image-59936 size-medium lazyload\" data-src=\"https:\/\/paraibaonline.com.br\/wp-content\/uploads\/2016\/04\/Concurso-p-blico-556x417.jpg\" data-srcset=\"https:\/\/paraibaonline.com.br\/wp-content\/uploads\/2016\/04\/Concurso-p-blico-556x417.jpg 556w, https:\/\/paraibaonline.com.br\/wp-content\/uploads\/2016\/04\/Concurso-p-blico.jpg 800w\" alt=\"Foto: Divulga\u00e7\u00e3o\" src=\"data:image\/svg+xml;base64,PHN2ZyB3aWR0aD0iMSIgaGVpZ2h0PSIxIiB4bWxucz0iaHR0cDovL3d3dy53My5vcmcvMjAwMC9zdmciPjwvc3ZnPg==\" style=\"--smush-placeholder-width: 556px; --smush-placeholder-aspect-ratio: 556\/417;\" \/><\/p>\n<p class=\"wp-caption-text\">Foto: Divulga\u00e7\u00e3o<\/p>\n<\/div>\n<p>Com carga hor\u00e1ria de 30h ou 40h semanais, os selecionados de n\u00edvel fundamental a superior devem fazer jus \u00e0 remunera\u00e7\u00e3o com valor entre R$ 954,00 e R$ 9.054,00.<\/p>\n<p>Todos os inscritosFoto Marcelo Camargo\/Ag\u00eancia Brasil neste certame realizar\u00e3o Prova Objetiva, composta por quest\u00f5es de Portugu\u00eas, Inform\u00e1tica, Racioc\u00ednio L\u00f3gico, Matem\u00e1tica, Conhecimentos Gerais e Espec\u00edficos, de acordo com cargo concorrido.<\/p>\n<p>Os candidatos \u00e0s vagas do Magist\u00e9rio de n\u00edvel superior tamb\u00e9m devem ser submetidos \u00e0 Prova de T\u00edtulos.<\/p>\n<p>Por sua vez, os que concorrem \u00e0s fun\u00e7\u00f5es de Motorista e Operador de M\u00e1quinas Pesadas participar\u00e3o de Prova Objetiva e Pr\u00e1tica.<\/p>\n<p>A Prova Objetiva deve ser aplicada provavelmente no dia 27 de janeiro de 2019, na cidade de Guarabira \u2013 PB.<\/p>\n","protected":false},"excerpt":{"rendered":"<p>A Prefeitura de Cuitegi, na Para\u00edba, retifica novo Concurso P\u00fablico destinado ao provimento de 70 vagas atualmente existentes. O per\u00edodo destinado \u00e0 realiza\u00e7\u00e3o das inscri\u00e7\u00f5es&hellip; <\/p>\n","protected":false},"author":1,"featured_media":36563,"comment_status":"closed","ping_status":"closed","sticky":false,"template":"","format":"standard","meta":{"sfsi_plus_gutenberg_text_before_share":"","sfsi_plus_gutenberg_show_text_before_share":"","sfsi_plus_gutenberg_icon_type":"","sfsi_plus_gutenberg_icon_alignemt":"","sfsi_plus_gutenburg_max_per_row":"","footnotes":""},"categories":[6],"tags":[],"class_list":["post-73103","post","type-post","status-publish","format-standard","has-post-thumbnail","hentry","category-cidades"],"_links":{"self":[{"href":"https:\/\/www.caririemacao.com\/1\/wp-json\/wp\/v2\/posts\/73103","targetHints":{"allow":["GET"]}}],"collection":[{"href":"https:\/\/www.caririemacao.com\/1\/wp-json\/wp\/v2\/posts"}],"about":[{"href":"https:\/\/www.caririemacao.com\/1\/wp-json\/wp\/v2\/types\/post"}],"author":[{"embeddable":true,"href":"https:\/\/www.caririemacao.com\/1\/wp-json\/wp\/v2\/users\/1"}],"replies":[{"embeddable":true,"href":"https:\/\/www.caririemacao.com\/1\/wp-json\/wp\/v2\/comments?post=73103"}],"version-history":[{"count":1,"href":"https:\/\/www.caririemacao.com\/1\/wp-json\/wp\/v2\/posts\/73103\/revisions"}],"predecessor-version":[{"id":73104,"href":"https:\/\/www.caririemacao.com\/1\/wp-json\/wp\/v2\/posts\/73103\/revisions\/73104"}],"wp:featuredmedia":[{"embeddable":true,"href":"https:\/\/www.caririemacao.com\/1\/wp-json\/wp\/v2\/media\/36563"}],"wp:attachment":[{"href":"https:\/\/www.caririemacao.com\/1\/wp-json\/wp\/v2\/media?parent=73103"}],"wp:term":[{"taxonomy":"category","embeddable":true,"href":"https:\/\/www.caririemacao.com\/1\/wp-json\/wp\/v2\/categories?post=73103"},{"taxonomy":"post_tag","embeddable":true,"href":"https:\/\/www.caririemacao.com\/1\/wp-json\/wp\/v2\/tags?post=73103"}],"curies":[{"name":"wp","href":"https:\/\/api.w.org\/{rel}","templated":true}]}}