{"id":73109,"date":"2018-11-15T14:11:32","date_gmt":"2018-11-15T17:11:32","guid":{"rendered":"http:\/\/www.caririemacao.com\/1\/?p=73109"},"modified":"2018-11-15T14:13:02","modified_gmt":"2018-11-15T17:13:02","slug":"paraiba-tem-o-3o-menor-indice-de-trabalhadores-com-carteira-assinada-do-pais","status":"publish","type":"post","link":"https:\/\/www.caririemacao.com\/1\/2018\/11\/15\/paraiba-tem-o-3o-menor-indice-de-trabalhadores-com-carteira-assinada-do-pais\/","title":{"rendered":"Para\u00edba tem o 3\u00ba menor \u00edndice de trabalhadores com carteira assinada do pa\u00eds"},"content":{"rendered":"<div class=\"mc-column content-text active-extra-styles active-capital-letter\" data-block-type=\"unstyled\" data-block-weight=\"55\" data-block-id=\"2\">\n<p class=\"content-text__container theme-color-primary-first-letter\" data-track-category=\"Link no Texto\">A Para\u00edba \u00e9 o terceiro estado do pa\u00eds com menor \u00edndice de trabalhadores com carteira assinada. Os dados foram divulgados nesta quarta-feira (14), pelo Instituto de Geografia e Estat\u00edstica (IBGE), e tamb\u00e9m mostram que a Para\u00edba tem a segunda menor taxa de desocupa\u00e7\u00e3o do Nordeste, ganhando espa\u00e7o em terceiro lugar no ranking de trabalhadores informais.<\/p>\n<\/div>\n<div class=\"wall protected-content\">\n<div class=\"mc-column content-text active-extra-styles \" data-block-type=\"unstyled\" data-block-weight=\"40\" data-block-id=\"3\">\n<p class=\"content-text__container \" data-track-category=\"Link no Texto\">Os n\u00fameros do IBGE mostram que no 3\u00ba trimestre de 2018, 54,9% dos empregados no setor privado da Para\u00edba tinham carteira assinada. A taxa representa a terceira menor no pa\u00eds, ficando \u00e0 frente apenas do Piau\u00ed (54,1%) e Maranh\u00e3o (51,1%).<\/p>\n<\/div>\n<div class=\"mc-column content-text active-extra-styles \" data-block-type=\"unstyled\" data-block-weight=\"39\" data-block-id=\"4\">\n<p class=\"content-text__container \" data-track-category=\"Link no Texto\">Em contrapartida, o IBGE tamb\u00e9m mostrou que a Para\u00edba tem a segunda menor taxa de desocupa\u00e7\u00e3o do Nordeste. Com 10,7% das pessoas de 14 anos ou mais de idade est\u00e3o desocupadas no estado, ficando atr\u00e1s apenas do Cear\u00e1 (10,6%).<\/p>\n<\/div>\n<div class=\"mc-column content-text active-extra-styles \" data-block-type=\"unstyled\" data-block-weight=\"49\" data-block-id=\"5\">\n<p class=\"content-text__container \" data-track-category=\"Link no Texto\">Em 2017, a taxa de desocupa\u00e7\u00e3o da Para\u00edba no mesmo per\u00edodo, era de 10,8%, e\u00a0em 2016, era de 11,4%, se mantendo, nos dois anos, como a menor taxa do Nordeste. A taxa de ocupa\u00e7\u00e3o por conta pr\u00f3pria, em 2018, foi de 27,8%, sendo a terceira maior do Nordeste.<\/p>\n<\/div>\n<div class=\"mc-column content-text active-extra-styles \" data-block-type=\"unstyled\" data-block-weight=\"39\" data-block-id=\"6\">\n<p class=\"content-text__container \" data-track-category=\"Link no Texto\">No ranking de trabalhadores informais, aqueles empregados no setor privado, mas sem carteira assinada, a Para\u00edba est\u00e1 inclu\u00edda como terceiro estado do pa\u00eds com maior taxa, de 45,1%, tamb\u00e9m ficando a frente apenas do Piau\u00ed (45,9%) e Maranh\u00e3o (48,9%).<\/p>\n<\/div>\n<div data-track-category=\"fim do conteudo\" data-track-action=\"ultimo chunk conteudo\" data-track-noninteraction=\"false\" data-track-scroll=\"entrada completa viewport\">\n<div class=\"show-chart mc-column content-media content-media--normal\" data-block-type=\"backstage-chart\" data-block-id=\"7\">\n<div class=\"show-chart__title\">Veja hist\u00f3rico da taxa de desocupa\u00e7\u00e3o na Para\u00edba<\/div>\n<div class=\"show-chart__subtitle\">Taxa caiu e \u00e9 a segunda menor do Nordeste<\/div>\n<\/div>\n<\/div>\n<\/div>\n<div><img fetchpriority=\"high\" decoding=\"async\" class=\"aligncenter size-full wp-image-50644\" src=\"http:\/\/www.blogdomarciorangel.com.br\/wp-content\/uploads\/2018\/11\/Sem-t%C3%ADtulo-3.png\" sizes=\"(max-width: 663px) 100vw, 663px\" srcset=\"http:\/\/www.blogdomarciorangel.com.br\/wp-content\/uploads\/2018\/11\/Sem-t\u00edtulo-3.png 663w, http:\/\/www.blogdomarciorangel.com.br\/wp-content\/uploads\/2018\/11\/Sem-t\u00edtulo-3-300x183.png 300w\" width=\"663\" height=\"404\" \/><\/div>\n<div><\/div>\n<div><em><strong>\u00a0G1 Para\u00edba<\/strong><\/em><\/div>\n","protected":false},"excerpt":{"rendered":"<p>A Para\u00edba \u00e9 o terceiro estado do pa\u00eds com menor \u00edndice de trabalhadores com carteira assinada. Os dados foram divulgados nesta quarta-feira (14), pelo Instituto&hellip; <\/p>\n","protected":false},"author":1,"featured_media":73110,"comment_status":"closed","ping_status":"closed","sticky":false,"template":"","format":"standard","meta":{"sfsi_plus_gutenberg_text_before_share":"","sfsi_plus_gutenberg_show_text_before_share":"","sfsi_plus_gutenberg_icon_type":"","sfsi_plus_gutenberg_icon_alignemt":"","sfsi_plus_gutenburg_max_per_row":"","footnotes":""},"categories":[2],"tags":[],"class_list":["post-73109","post","type-post","status-publish","format-standard","has-post-thumbnail","hentry","category-geral"],"_links":{"self":[{"href":"https:\/\/www.caririemacao.com\/1\/wp-json\/wp\/v2\/posts\/73109","targetHints":{"allow":["GET"]}}],"collection":[{"href":"https:\/\/www.caririemacao.com\/1\/wp-json\/wp\/v2\/posts"}],"about":[{"href":"https:\/\/www.caririemacao.com\/1\/wp-json\/wp\/v2\/types\/post"}],"author":[{"embeddable":true,"href":"https:\/\/www.caririemacao.com\/1\/wp-json\/wp\/v2\/users\/1"}],"replies":[{"embeddable":true,"href":"https:\/\/www.caririemacao.com\/1\/wp-json\/wp\/v2\/comments?post=73109"}],"version-history":[{"count":1,"href":"https:\/\/www.caririemacao.com\/1\/wp-json\/wp\/v2\/posts\/73109\/revisions"}],"predecessor-version":[{"id":73111,"href":"https:\/\/www.caririemacao.com\/1\/wp-json\/wp\/v2\/posts\/73109\/revisions\/73111"}],"wp:featuredmedia":[{"embeddable":true,"href":"https:\/\/www.caririemacao.com\/1\/wp-json\/wp\/v2\/media\/73110"}],"wp:attachment":[{"href":"https:\/\/www.caririemacao.com\/1\/wp-json\/wp\/v2\/media?parent=73109"}],"wp:term":[{"taxonomy":"category","embeddable":true,"href":"https:\/\/www.caririemacao.com\/1\/wp-json\/wp\/v2\/categories?post=73109"},{"taxonomy":"post_tag","embeddable":true,"href":"https:\/\/www.caririemacao.com\/1\/wp-json\/wp\/v2\/tags?post=73109"}],"curies":[{"name":"wp","href":"https:\/\/api.w.org\/{rel}","templated":true}]}}