{"id":73116,"date":"2018-11-15T18:28:17","date_gmt":"2018-11-15T21:28:17","guid":{"rendered":"http:\/\/www.caririemacao.com\/1\/?p=73116"},"modified":"2018-11-15T18:28:17","modified_gmt":"2018-11-15T21:28:17","slug":"sbc-diz-que-diagnostico-precoce-do-cancer-de-prostata-salva-vidas","status":"publish","type":"post","link":"https:\/\/www.caririemacao.com\/1\/2018\/11\/15\/sbc-diz-que-diagnostico-precoce-do-cancer-de-prostata-salva-vidas\/","title":{"rendered":"SBC diz que diagn\u00f3stico precoce do c\u00e2ncer de pr\u00f3stata salva vidas"},"content":{"rendered":"<p>Por preconceito e medo, muitos homens ainda deixam de se submeter aos exames preventivos do c\u00e2ncer de pr\u00f3stata, a segunda\u00a0maior causa morte de pessoas do sexo masculino, depois do c\u00e2ncer de pulm\u00e3o.<\/p>\n<p>Caso\u00a0houvesse maior conscientiza\u00e7\u00e3o sobre os benef\u00edcios do diagn\u00f3stico precoce, al\u00e9m das chances de cura, haveria uma substancial redu\u00e7\u00e3o nos custos do tratamento, alerta o cirurgi\u00e3o oncol\u00f3gico Ricardo Antunes, presidente da Sociedade Brasileira de Cancerologia (SBC).<\/p>\n<p>\u201c\u00c9 preciso\u00a0ter\u00a0em mente que o maior desafio de sa\u00fade no mundo , apontado pela Organiza\u00e7\u00e3o Mundial de Sa\u00fade (OMS), \u00e9 o surgimento de 20 milh\u00f5es de casos novos de c\u00e2ncer. Metade dos afetados vem \u00e0 \u00f3bito. No Brasil, 30% dos mais de 60 mil novos casos de c\u00e2ncer em homens\u00a0correspondem \u00e0 incid\u00eancia de tumores malignos\u201d, destacou o especialista.<\/p>\n<div class=\"dnd-widget-wrapper context-cheio_8colunas type-image\">\n<div class=\"dnd-atom-rendered\">\n<figure class=\"mejs-fotoh-wrapper\">\n<div class=\"wp-caption alignnone\"><img decoding=\"async\" class=\"img-responsive full full lazyload\" title=\"Valter Campanato\/Ag\u00eancia Brasil\" data-src=\"http:\/\/imagens.ebc.com.br\/2ogrZ74T5RLd1we5FSp4tvgE4xo=\/754x0\/smart\/http:\/\/agenciabrasil.ebc.com.br\/sites\/default\/files\/atoms\/image\/novembro_azul_0.jpg?itok=PP46eb2g\" alt=\"Monumentos s\u00e3o iluminados em apoio \u00e0 campanha Novembro Azul para chamar a aten\u00e7\u00e3o dos homens sobre a import\u00e2ncia da preven\u00e7\u00e3o e do diagn\u00f3stico precoce do c\u00e2ncer de pr\u00f3stata (Valter Campanato\/Ag\u00eancia Brasil)\" src=\"data:image\/svg+xml;base64,PHN2ZyB3aWR0aD0iMSIgaGVpZ2h0PSIxIiB4bWxucz0iaHR0cDovL3d3dy53My5vcmcvMjAwMC9zdmciPjwvc3ZnPg==\" \/><\/p>\n<p class=\"wp-caption-text\">Foto: Valter Campanato\/Ag\u00eancia Brasil<\/p>\n<\/div>\n<\/figure>\n<\/div>\n<\/div>\n<p>Diante dessa constata\u00e7\u00e3o ele lembra a import\u00e2ncia da campanha Novembro Azul, um movimento que surgiu na Austr\u00e1lia, em 2003, e mais\u00a0recentemente\u00a0no Brasil, de alerta sobre a necessidade de os homens cuidarem melhor de sua sa\u00fade,\u00a0especialmente\u00a0nos cuidados\u00a0preventivos, como o toque retal, onde o m\u00e9dico pode perceber o aumento da gl\u00e2ndula, e o PSA, exame de sangue pelo qual pode-se detectar a enzima produzida pela pr\u00f3stata.<\/p>\n<p>De acordo com o oncologista, o\u00a0ideal \u00e9 come\u00e7ar a fazer esses exames\u00a0anualmente\u00a0a partir dos 50 anos.\u00a0 Segundo ele, a\u00a0recomenda\u00e7\u00e3o \u00e0queles com hist\u00f3rico familiar de\u00a0c\u00e2ncer\u00a0\u00e9 que os exames sejam feitos aos 45 anos. Nesse caso, o risco de\u00a0contrair o mal cresce de tr\u00eas a dez vezes.<\/p>\n<p>Para Ricardo Antunes, o grande desafio \u00e9 que \u201cexistem dois grandes fantasmas que aterrorizam os homens: o medo de uma evolu\u00e7\u00e3o para disfun\u00e7\u00e3o er\u00e9til e incontin\u00eancia urin\u00e1ria\u201d.<\/p>\n<p>Ele garante, no entanto,\u00a0que houve um grande avan\u00e7o no conhecimento cient\u00edfico e na medicina para tratamento e que deixar para buscar a cura tardiamente\u00a0implica em altos custos e perda da qualidade vida, al\u00e9m do risco de morte.<\/p>\n<p>Conforme\u00a0o concologista, as causas do c\u00e2ncer de pr\u00f3stata ainda s\u00e3o desconhecidas. Entretanto,\u00a0existem evid\u00eancias de maior suscetibilidade entre\u00a0homens com hist\u00f3rico\u00a0familiar,\u00a0com dieta a base de carnes vermelhas e gorduras,\u00a0que consomem mais \u00e1lcool ou fazem uso de tabaco.<\/p>\n<p>A doen\u00e7a \u00e9 menos comuns entre os que d\u00e3o prefer\u00eancia para alimentos \u00e0\u00a0base de frutas e\u00a0vegetais, entre eles\u00a0tomate,\u00a0cenoura e leguminosas (feij\u00f5es, ervilha e soja).<\/p>\n<p>O presidente da SBC\u00a0reconhece\u00a0que n\u00e3o bastam as campanhas de conscientiza\u00e7\u00e3o. Ele defende a necessidade de um aporte maior de recursos destinados a exames preventivos e mais acesso aos tratamentos de cura, pois o tempo de espera de um paciente no Sistema \u00danico de Sa\u00fade (SUS) chega a demorar at\u00e9 seis meses.<\/p>\n<p>Ricardo Antunes acrescentou que a\u00a0valoriza\u00e7\u00e3o do setor de sa\u00fade p\u00fablica deveria ser ainda maior,\u00a0levando em considera\u00e7\u00e3o o fato de que o Brasil est\u00e1 envelhecendo.<\/p>\n<p>\u201cHouve um aumento da longevidade no Brasil e, pelas estimativas, teremos 30 milh\u00f5es de idosos em 2025. Isso preocupa porque 80% dos pacientes com c\u00e2ncer s\u00e3o idosos\u201d.<\/p>\n<p>&nbsp;<\/p>\n<p>Ag\u00eancia Brasil<\/p>\n","protected":false},"excerpt":{"rendered":"<p>Por preconceito e medo, muitos homens ainda deixam de se submeter aos exames preventivos do c\u00e2ncer de pr\u00f3stata, a segunda\u00a0maior causa morte de pessoas do&hellip; <\/p>\n","protected":false},"author":1,"featured_media":73117,"comment_status":"closed","ping_status":"closed","sticky":false,"template":"","format":"standard","meta":{"sfsi_plus_gutenberg_text_before_share":"","sfsi_plus_gutenberg_show_text_before_share":"","sfsi_plus_gutenberg_icon_type":"","sfsi_plus_gutenberg_icon_alignemt":"","sfsi_plus_gutenburg_max_per_row":"","footnotes":""},"categories":[16],"tags":[],"class_list":["post-73116","post","type-post","status-publish","format-standard","has-post-thumbnail","hentry","category-saude"],"_links":{"self":[{"href":"https:\/\/www.caririemacao.com\/1\/wp-json\/wp\/v2\/posts\/73116","targetHints":{"allow":["GET"]}}],"collection":[{"href":"https:\/\/www.caririemacao.com\/1\/wp-json\/wp\/v2\/posts"}],"about":[{"href":"https:\/\/www.caririemacao.com\/1\/wp-json\/wp\/v2\/types\/post"}],"author":[{"embeddable":true,"href":"https:\/\/www.caririemacao.com\/1\/wp-json\/wp\/v2\/users\/1"}],"replies":[{"embeddable":true,"href":"https:\/\/www.caririemacao.com\/1\/wp-json\/wp\/v2\/comments?post=73116"}],"version-history":[{"count":1,"href":"https:\/\/www.caririemacao.com\/1\/wp-json\/wp\/v2\/posts\/73116\/revisions"}],"predecessor-version":[{"id":73118,"href":"https:\/\/www.caririemacao.com\/1\/wp-json\/wp\/v2\/posts\/73116\/revisions\/73118"}],"wp:featuredmedia":[{"embeddable":true,"href":"https:\/\/www.caririemacao.com\/1\/wp-json\/wp\/v2\/media\/73117"}],"wp:attachment":[{"href":"https:\/\/www.caririemacao.com\/1\/wp-json\/wp\/v2\/media?parent=73116"}],"wp:term":[{"taxonomy":"category","embeddable":true,"href":"https:\/\/www.caririemacao.com\/1\/wp-json\/wp\/v2\/categories?post=73116"},{"taxonomy":"post_tag","embeddable":true,"href":"https:\/\/www.caririemacao.com\/1\/wp-json\/wp\/v2\/tags?post=73116"}],"curies":[{"name":"wp","href":"https:\/\/api.w.org\/{rel}","templated":true}]}}