{"id":73119,"date":"2018-11-15T18:33:34","date_gmt":"2018-11-15T21:33:34","guid":{"rendered":"http:\/\/www.caririemacao.com\/1\/?p=73119"},"modified":"2018-11-16T10:32:39","modified_gmt":"2018-11-16T13:32:39","slug":"diretor-do-santander-sera-presidente-do-bc-do-governo-bolsonaro","status":"publish","type":"post","link":"https:\/\/www.caririemacao.com\/1\/2018\/11\/15\/diretor-do-santander-sera-presidente-do-bc-do-governo-bolsonaro\/","title":{"rendered":"Diretor do Santander ser\u00e1 presidente do BC do governo Bolsonaro"},"content":{"rendered":"<p>O economista Roberto Campos Neto, do Santander, ser\u00e1 o presidente do Banco Central do governo de Jair Bolsonaro (PSL). O atual secret\u00e1rio do Tesouro, Mansueto de Almeida, continuar\u00e1 no cargo.<\/p>\n<p>As duas informa\u00e7\u00f5es foram confirmadas por integrantes da equipe de transi\u00e7\u00e3o de Bolsonaro. Ambos j\u00e1 aceitaram o convite feito pelo futuro ministro da Economia, Paulo Guedes.<\/p>\n<p>Campos \u00e9 executivo do banco Santander e pr\u00f3ximo ao futuro chefe da Economia, Paulo Guedes. O nome dele j\u00e1 estava cotado para o cargo, mas foi confirmado nesta quinta-feira (15).<\/p>\n<p>A op\u00e7\u00e3o por Campos Neto foi feita depois que o atual presidente do BC, Ilan Goldfajn\u00a0<strong>(foto)\u00a0<\/strong>confirmou que deixar\u00e1 a institui\u00e7\u00e3o at\u00e9 o final do ano. Ele era a principal aposta da equipe econ\u00f4mica de Bolsonaro.<\/p>\n<p>Uma pessoa da campanha disse no come\u00e7o do m\u00eas que Ilan e Paulo Guedes conversaram ap\u00f3s a elei\u00e7\u00e3o, mas o assunto se limitou ao projeto de independ\u00eancia do BC, que ambos querem aprovar no Congresso.<\/p>\n<p>O argumento a favor da perman\u00eancia de Ilan era que o governo Bolsonaro pretendia avan\u00e7ar na institucionaliza\u00e7\u00e3o da independ\u00eancia do BC, com mandatos fixos para presidente e diretores, o que permitiria que ficasse no posto at\u00e9 2020.<\/p>\n<p>Em rela\u00e7\u00e3o a Mansueto, havia a d\u00favida se ele toparia continuar como secret\u00e1rio do Tesouro. O nome dele tamb\u00e9m era cotado para assumir uma nova secretaria da Fazenda, que pode ser criada na estrutura do minist\u00e9rio que Guedes chefiar\u00e1.<\/p>\n<p>Com a confirma\u00e7\u00e3o, a \u00e1rea econ\u00f4mica do governo Bolsonaro passa a contar com Paulo Guedes como superministro, Joaquim Levy no comando do BNDES (Banco Nacional de Desenvolvimento Econ\u00f4mico e Social), Tereza Cristina como ministra da Agricultura, Mansueto de Almeida como secret\u00e1rio do Tesouro e Roberto Campos Neto como presidente do Banco Central.<\/p>\n<p>Ainda n\u00e3o h\u00e1 uma defini\u00e7\u00e3o sobre quem assumir\u00e1 a presid\u00eancia da Caixa Econ\u00f4mica Federal.<\/p>\n<p>Folha Press<\/p>\n","protected":false},"excerpt":{"rendered":"<p>O economista Roberto Campos Neto, do Santander, ser\u00e1 o presidente do Banco Central do governo de Jair Bolsonaro (PSL). O atual secret\u00e1rio do Tesouro, Mansueto&hellip; <\/p>\n","protected":false},"author":1,"featured_media":73120,"comment_status":"closed","ping_status":"closed","sticky":false,"template":"","format":"standard","meta":{"sfsi_plus_gutenberg_text_before_share":"","sfsi_plus_gutenberg_show_text_before_share":"","sfsi_plus_gutenberg_icon_type":"","sfsi_plus_gutenberg_icon_alignemt":"","sfsi_plus_gutenburg_max_per_row":"","footnotes":""},"categories":[50,11],"tags":[],"class_list":["post-73119","post","type-post","status-publish","format-standard","has-post-thumbnail","hentry","category-destaque","category-politica"],"_links":{"self":[{"href":"https:\/\/www.caririemacao.com\/1\/wp-json\/wp\/v2\/posts\/73119","targetHints":{"allow":["GET"]}}],"collection":[{"href":"https:\/\/www.caririemacao.com\/1\/wp-json\/wp\/v2\/posts"}],"about":[{"href":"https:\/\/www.caririemacao.com\/1\/wp-json\/wp\/v2\/types\/post"}],"author":[{"embeddable":true,"href":"https:\/\/www.caririemacao.com\/1\/wp-json\/wp\/v2\/users\/1"}],"replies":[{"embeddable":true,"href":"https:\/\/www.caririemacao.com\/1\/wp-json\/wp\/v2\/comments?post=73119"}],"version-history":[{"count":1,"href":"https:\/\/www.caririemacao.com\/1\/wp-json\/wp\/v2\/posts\/73119\/revisions"}],"predecessor-version":[{"id":73121,"href":"https:\/\/www.caririemacao.com\/1\/wp-json\/wp\/v2\/posts\/73119\/revisions\/73121"}],"wp:featuredmedia":[{"embeddable":true,"href":"https:\/\/www.caririemacao.com\/1\/wp-json\/wp\/v2\/media\/73120"}],"wp:attachment":[{"href":"https:\/\/www.caririemacao.com\/1\/wp-json\/wp\/v2\/media?parent=73119"}],"wp:term":[{"taxonomy":"category","embeddable":true,"href":"https:\/\/www.caririemacao.com\/1\/wp-json\/wp\/v2\/categories?post=73119"},{"taxonomy":"post_tag","embeddable":true,"href":"https:\/\/www.caririemacao.com\/1\/wp-json\/wp\/v2\/tags?post=73119"}],"curies":[{"name":"wp","href":"https:\/\/api.w.org\/{rel}","templated":true}]}}