{"id":73129,"date":"2018-11-15T21:42:23","date_gmt":"2018-11-16T00:42:23","guid":{"rendered":"http:\/\/www.caririemacao.com\/1\/?p=73129"},"modified":"2018-11-15T21:42:23","modified_gmt":"2018-11-16T00:42:23","slug":"jovem-e-assassinado-com-varios-tiros-na-cidade-de-monteiro","status":"publish","type":"post","link":"https:\/\/www.caririemacao.com\/1\/2018\/11\/15\/jovem-e-assassinado-com-varios-tiros-na-cidade-de-monteiro\/","title":{"rendered":"Jovem \u00e9 assassinado com v\u00e1rios tiros na cidade de Monteiro"},"content":{"rendered":"<p>Um jovem identificado como Mateus foi assassinado a tiros de arma de fogo na noite desta quinta-feira (15), nas proximidades do Posto de Sa\u00fade da Rua do Matadouro, em Monteiro.<\/p>\n<p>Conforme informa\u00e7\u00f5es preliminares, a v\u00edtima foi alvejado com v\u00e1rios disparos de arma de fogo por elementos n\u00e3o identificados, que chegaram em um ve\u00edculo efetuando os disparos.<\/p>\n<p>O jovem n\u00e3o resistiu e morreu no local.<\/p>\n<p>A Pol\u00edcia foi acionada e est\u00e1 realizando dilig\u00eancias.<\/p>\n","protected":false},"excerpt":{"rendered":"<p>Um jovem identificado como Mateus foi assassinado a tiros de arma de fogo na noite desta quinta-feira (15), nas proximidades do Posto de Sa\u00fade da&hellip; <\/p>\n","protected":false},"author":1,"featured_media":42005,"comment_status":"closed","ping_status":"closed","sticky":false,"template":"","format":"standard","meta":{"sfsi_plus_gutenberg_text_before_share":"","sfsi_plus_gutenberg_show_text_before_share":"","sfsi_plus_gutenberg_icon_type":"","sfsi_plus_gutenberg_icon_alignemt":"","sfsi_plus_gutenburg_max_per_row":"","footnotes":""},"categories":[12],"tags":[],"class_list":["post-73129","post","type-post","status-publish","format-standard","has-post-thumbnail","hentry","category-policia"],"_links":{"self":[{"href":"https:\/\/www.caririemacao.com\/1\/wp-json\/wp\/v2\/posts\/73129","targetHints":{"allow":["GET"]}}],"collection":[{"href":"https:\/\/www.caririemacao.com\/1\/wp-json\/wp\/v2\/posts"}],"about":[{"href":"https:\/\/www.caririemacao.com\/1\/wp-json\/wp\/v2\/types\/post"}],"author":[{"embeddable":true,"href":"https:\/\/www.caririemacao.com\/1\/wp-json\/wp\/v2\/users\/1"}],"replies":[{"embeddable":true,"href":"https:\/\/www.caririemacao.com\/1\/wp-json\/wp\/v2\/comments?post=73129"}],"version-history":[{"count":1,"href":"https:\/\/www.caririemacao.com\/1\/wp-json\/wp\/v2\/posts\/73129\/revisions"}],"predecessor-version":[{"id":73130,"href":"https:\/\/www.caririemacao.com\/1\/wp-json\/wp\/v2\/posts\/73129\/revisions\/73130"}],"wp:featuredmedia":[{"embeddable":true,"href":"https:\/\/www.caririemacao.com\/1\/wp-json\/wp\/v2\/media\/42005"}],"wp:attachment":[{"href":"https:\/\/www.caririemacao.com\/1\/wp-json\/wp\/v2\/media?parent=73129"}],"wp:term":[{"taxonomy":"category","embeddable":true,"href":"https:\/\/www.caririemacao.com\/1\/wp-json\/wp\/v2\/categories?post=73129"},{"taxonomy":"post_tag","embeddable":true,"href":"https:\/\/www.caririemacao.com\/1\/wp-json\/wp\/v2\/tags?post=73129"}],"curies":[{"name":"wp","href":"https:\/\/api.w.org\/{rel}","templated":true}]}}