{"id":73135,"date":"2018-11-16T07:33:10","date_gmt":"2018-11-16T10:33:10","guid":{"rendered":"http:\/\/www.caririemacao.com\/1\/?p=73135"},"modified":"2018-11-16T07:33:10","modified_gmt":"2018-11-16T10:33:10","slug":"previsao-do-tempo-para-esta-sexta-feira-em-toda-paraiba-11","status":"publish","type":"post","link":"https:\/\/www.caririemacao.com\/1\/2018\/11\/16\/previsao-do-tempo-para-esta-sexta-feira-em-toda-paraiba-11\/","title":{"rendered":"Previs\u00e3o do tempo para esta sexta-feira em toda Para\u00edba"},"content":{"rendered":"<p>Observa-se um ligeiro aumento da nebulosidade sobre o estado da Para\u00edba. Mesmo assim, o sol e calor dever\u00e3o predominar durante o dia, especialmente nas regi\u00f5es do Sert\u00e3o e Alto Sert\u00e3o.<\/p>\n<p><img decoding=\"async\" class=\"aligncenter size-full wp-image-527523 lazyload\" data-src=\"https:\/\/paraibaonline.com.br\/wp-content\/uploads\/2018\/11\/tempo1611.jpg\" data-srcset=\"https:\/\/paraibaonline.com.br\/wp-content\/uploads\/2018\/11\/tempo1611.jpg 800w, https:\/\/paraibaonline.com.br\/wp-content\/uploads\/2018\/11\/tempo1611-567x361.jpg 567w\" alt=\"\" src=\"data:image\/svg+xml;base64,PHN2ZyB3aWR0aD0iMSIgaGVpZ2h0PSIxIiB4bWxucz0iaHR0cDovL3d3dy53My5vcmcvMjAwMC9zdmciPjwvc3ZnPg==\" \/><\/p>\n<p>Aesa<\/p>\n","protected":false},"excerpt":{"rendered":"<p>Observa-se um ligeiro aumento da nebulosidade sobre o estado da Para\u00edba. Mesmo assim, o sol e calor dever\u00e3o predominar durante o dia, especialmente nas regi\u00f5es&hellip; <\/p>\n","protected":false},"author":1,"featured_media":6257,"comment_status":"closed","ping_status":"closed","sticky":false,"template":"","format":"standard","meta":{"sfsi_plus_gutenberg_text_before_share":"","sfsi_plus_gutenberg_show_text_before_share":"","sfsi_plus_gutenberg_icon_type":"","sfsi_plus_gutenberg_icon_alignemt":"","sfsi_plus_gutenburg_max_per_row":"","footnotes":""},"categories":[2],"tags":[],"class_list":["post-73135","post","type-post","status-publish","format-standard","has-post-thumbnail","hentry","category-geral"],"_links":{"self":[{"href":"https:\/\/www.caririemacao.com\/1\/wp-json\/wp\/v2\/posts\/73135","targetHints":{"allow":["GET"]}}],"collection":[{"href":"https:\/\/www.caririemacao.com\/1\/wp-json\/wp\/v2\/posts"}],"about":[{"href":"https:\/\/www.caririemacao.com\/1\/wp-json\/wp\/v2\/types\/post"}],"author":[{"embeddable":true,"href":"https:\/\/www.caririemacao.com\/1\/wp-json\/wp\/v2\/users\/1"}],"replies":[{"embeddable":true,"href":"https:\/\/www.caririemacao.com\/1\/wp-json\/wp\/v2\/comments?post=73135"}],"version-history":[{"count":1,"href":"https:\/\/www.caririemacao.com\/1\/wp-json\/wp\/v2\/posts\/73135\/revisions"}],"predecessor-version":[{"id":73136,"href":"https:\/\/www.caririemacao.com\/1\/wp-json\/wp\/v2\/posts\/73135\/revisions\/73136"}],"wp:featuredmedia":[{"embeddable":true,"href":"https:\/\/www.caririemacao.com\/1\/wp-json\/wp\/v2\/media\/6257"}],"wp:attachment":[{"href":"https:\/\/www.caririemacao.com\/1\/wp-json\/wp\/v2\/media?parent=73135"}],"wp:term":[{"taxonomy":"category","embeddable":true,"href":"https:\/\/www.caririemacao.com\/1\/wp-json\/wp\/v2\/categories?post=73135"},{"taxonomy":"post_tag","embeddable":true,"href":"https:\/\/www.caririemacao.com\/1\/wp-json\/wp\/v2\/tags?post=73135"}],"curies":[{"name":"wp","href":"https:\/\/api.w.org\/{rel}","templated":true}]}}